{"id":558,"date":"2025-03-09T15:25:05","date_gmt":"2025-03-09T14:25:05","guid":{"rendered":"https:\/\/www.dietmar-korthals.de\/dietmar-korthals_wordpress\/?p=558"},"modified":"2025-03-09T15:25:06","modified_gmt":"2025-03-09T14:25:06","slug":"das-vorweihnachtliche-klavierschuelerkonzert-2024","status":"publish","type":"post","link":"http:\/\/www.dietmar-korthals.de\/dietmar-korthals_wordpress\/2025\/03\/09\/das-vorweihnachtliche-klavierschuelerkonzert-2024\/","title":{"rendered":"Das vorweihnachtliche Klaviersch\u00fclerkonzert 2024"},"content":{"rendered":"\n<div class=\"wp-block-group is-layout-constrained wp-block-group-is-layout-constrained\">\n<div class=\"wp-block-cover\"><span aria-hidden=\"true\" class=\"wp-block-cover__background has-background-dim-100 has-background-dim\"><\/span><div class=\"wp-block-cover__inner-container is-layout-flow wp-block-cover-is-layout-flow\">\n<p>Traditionell findet &#8211; kurz bevor der Advents- und Weishanchtsstress losgeht &#8211; ein Konzert der Klaviersch\u00fcler und Klaviersch\u00fclerinnen in der Dortmunder Pauluskirche statt. So diesmal auch am 30.11.2024.<\/p>\n\n\n\n<p>Das dargebotene Spektrum spiegelte die Vielfalt der Klaviermusik wieder. Man konnte Grundschulkinder bei ihrem Start in die wunderbare Welt der schwarzen und wei\u00dfen Tasten erleben, Chopin- oder Barockliebhaber beim Ausleben ihrer Leidenschaft genie\u00dfen, g\u00e4ngige Charts- und Filmmusiktitel goutieren oder aber h\u00f6ren, wie angehende Singer-\/Songwriter sich am Fl\u00fcgel selbst begleiten. <\/p>\n\n\n\n<p>Zudem konnte man den Darbietungen von drei Eigenkompositionen aus der Feder von Lenz Weinreich, Paul Schr\u00f6der und Leonard H\u00fcbner lauschen.<\/p>\n\n\n\n<p>Mein Dank gilt der Lydiagemeinde, meiner tatkr\u00e4ftig mithelfenden Frau Claudia &#8211; und nat\u00fcrlich jedem Sch\u00fcler, jeder Sch\u00fclerin, die alles gegeben haben. Und selbstverst\u00e4ndlich den unterst\u00fctzenden Eltern.<\/p>\n<\/div><\/div>\n<\/div>\n","protected":false},"excerpt":{"rendered":"","protected":false},"author":1,"featured_media":545,"comment_status":"open","ping_status":"open","sticky":false,"template":"","format":"standard","meta":{"_uf_show_specific_survey":0,"_uf_disable_surveys":false,"footnotes":""},"categories":[43],"tags":[8,23,10,46,7,22,44,45],"class_list":["post-558","post","type-post","status-publish","format-standard","has-post-thumbnail","hentry","category-klavierunterricht","tag-dietmar","tag-dortmund","tag-klavier","tag-klavierklasse","tag-korthals","tag-pauluskirche","tag-schueler","tag-schuelerin"],"yoast_head":"<!-- This site is optimized with the Yoast SEO plugin v23.3 - https:\/\/yoast.com\/wordpress\/plugins\/seo\/ -->\n<title>Das vorweihnachtliche Klaviersch\u00fclerkonzert 2024 - Dietmar Korthals<\/title>\n<meta name=\"robots\" content=\"index, follow, max-snippet:-1, max-image-preview:large, max-video-preview:-1\" \/>\n<link rel=\"canonical\" href=\"https:\/\/www.dietmar-korthals.de\/dietmar-korthals_wordpress\/2025\/03\/09\/das-vorweihnachtliche-klavierschuelerkonzert-2024\/\" \/>\n<meta property=\"og:locale\" content=\"de_DE\" \/>\n<meta property=\"og:type\" content=\"article\" \/>\n<meta property=\"og:title\" content=\"Das vorweihnachtliche Klaviersch\u00fclerkonzert 2024 - Dietmar Korthals\" \/>\n<meta property=\"og:url\" content=\"https:\/\/www.dietmar-korthals.de\/dietmar-korthals_wordpress\/2025\/03\/09\/das-vorweihnachtliche-klavierschuelerkonzert-2024\/\" \/>\n<meta property=\"og:site_name\" content=\"Dietmar Korthals\" \/>\n<meta property=\"article:publisher\" content=\"https:\/\/www.facebook.com\/dietmar.korthals\" \/>\n<meta property=\"article:author\" content=\"https:\/\/www.facebook.com\/dietmar.korthals\" \/>\n<meta property=\"article:published_time\" content=\"2025-03-09T14:25:05+00:00\" \/>\n<meta property=\"article:modified_time\" content=\"2025-03-09T14:25:06+00:00\" \/>\n<meta property=\"og:image\" content=\"https:\/\/www.dietmar-korthals.de\/dietmar-korthals_wordpress\/wp-content\/uploads\/2025\/03\/IMG_4141-scaled.webp\" \/>\n\t<meta property=\"og:image:width\" content=\"1920\" \/>\n\t<meta property=\"og:image:height\" content=\"1440\" \/>\n\t<meta property=\"og:image:type\" content=\"image\/webp\" \/>\n<meta name=\"author\" content=\"bluenote\" \/>\n<meta name=\"twitter:card\" content=\"summary_large_image\" \/>\n<meta name=\"twitter:label1\" content=\"Verfasst von\" \/>\n\t<meta name=\"twitter:data1\" content=\"bluenote\" \/>\n\t<meta name=\"twitter:label2\" content=\"Gesch\u00e4tzte Lesezeit\" \/>\n\t<meta name=\"twitter:data2\" content=\"1\u00a0Minute\" \/>\n<script type=\"application\/ld+json\" class=\"yoast-schema-graph\">{\"@context\":\"https:\/\/schema.org\",\"@graph\":[{\"@type\":\"Article\",\"@id\":\"https:\/\/www.dietmar-korthals.de\/dietmar-korthals_wordpress\/2025\/03\/09\/das-vorweihnachtliche-klavierschuelerkonzert-2024\/#article\",\"isPartOf\":{\"@id\":\"https:\/\/www.dietmar-korthals.de\/dietmar-korthals_wordpress\/2025\/03\/09\/das-vorweihnachtliche-klavierschuelerkonzert-2024\/\"},\"author\":{\"name\":\"bluenote\",\"@id\":\"https:\/\/www.dietmar-korthals.de\/dietmar-korthals_wordpress\/#\/schema\/person\/e762c527bb5e2287a6e0cdf9577bc822\"},\"headline\":\"Das vorweihnachtliche Klaviersch\u00fclerkonzert 2024\",\"datePublished\":\"2025-03-09T14:25:05+00:00\",\"dateModified\":\"2025-03-09T14:25:06+00:00\",\"mainEntityOfPage\":{\"@id\":\"https:\/\/www.dietmar-korthals.de\/dietmar-korthals_wordpress\/2025\/03\/09\/das-vorweihnachtliche-klavierschuelerkonzert-2024\/\"},\"wordCount\":141,\"commentCount\":0,\"publisher\":{\"@id\":\"https:\/\/www.dietmar-korthals.de\/dietmar-korthals_wordpress\/#\/schema\/person\/e762c527bb5e2287a6e0cdf9577bc822\"},\"image\":{\"@id\":\"https:\/\/www.dietmar-korthals.de\/dietmar-korthals_wordpress\/2025\/03\/09\/das-vorweihnachtliche-klavierschuelerkonzert-2024\/#primaryimage\"},\"thumbnailUrl\":\"http:\/\/www.dietmar-korthals.de\/dietmar-korthals_wordpress\/wp-content\/uploads\/2025\/03\/IMG_4141-scaled.webp\",\"keywords\":[\"Dietmar\",\"Dortmund\",\"Klavier\",\"Klavierklasse\",\"Korthals\",\"Pauluskirche\",\"Sch\u00fcler\",\"Sch\u00fclerin\"],\"articleSection\":[\"Klavierunterricht\"],\"inLanguage\":\"de\",\"potentialAction\":[{\"@type\":\"CommentAction\",\"name\":\"Comment\",\"target\":[\"https:\/\/www.dietmar-korthals.de\/dietmar-korthals_wordpress\/2025\/03\/09\/das-vorweihnachtliche-klavierschuelerkonzert-2024\/#respond\"]}]},{\"@type\":\"WebPage\",\"@id\":\"https:\/\/www.dietmar-korthals.de\/dietmar-korthals_wordpress\/2025\/03\/09\/das-vorweihnachtliche-klavierschuelerkonzert-2024\/\",\"url\":\"https:\/\/www.dietmar-korthals.de\/dietmar-korthals_wordpress\/2025\/03\/09\/das-vorweihnachtliche-klavierschuelerkonzert-2024\/\",\"name\":\"Das vorweihnachtliche Klaviersch\u00fclerkonzert 2024 - Dietmar Korthals\",\"isPartOf\":{\"@id\":\"https:\/\/www.dietmar-korthals.de\/dietmar-korthals_wordpress\/#website\"},\"primaryImageOfPage\":{\"@id\":\"https:\/\/www.dietmar-korthals.de\/dietmar-korthals_wordpress\/2025\/03\/09\/das-vorweihnachtliche-klavierschuelerkonzert-2024\/#primaryimage\"},\"image\":{\"@id\":\"https:\/\/www.dietmar-korthals.de\/dietmar-korthals_wordpress\/2025\/03\/09\/das-vorweihnachtliche-klavierschuelerkonzert-2024\/#primaryimage\"},\"thumbnailUrl\":\"http:\/\/www.dietmar-korthals.de\/dietmar-korthals_wordpress\/wp-content\/uploads\/2025\/03\/IMG_4141-scaled.webp\",\"datePublished\":\"2025-03-09T14:25:05+00:00\",\"dateModified\":\"2025-03-09T14:25:06+00:00\",\"breadcrumb\":{\"@id\":\"https:\/\/www.dietmar-korthals.de\/dietmar-korthals_wordpress\/2025\/03\/09\/das-vorweihnachtliche-klavierschuelerkonzert-2024\/#breadcrumb\"},\"inLanguage\":\"de\",\"potentialAction\":[{\"@type\":\"ReadAction\",\"target\":[\"https:\/\/www.dietmar-korthals.de\/dietmar-korthals_wordpress\/2025\/03\/09\/das-vorweihnachtliche-klavierschuelerkonzert-2024\/\"]}]},{\"@type\":\"ImageObject\",\"inLanguage\":\"de\",\"@id\":\"https:\/\/www.dietmar-korthals.de\/dietmar-korthals_wordpress\/2025\/03\/09\/das-vorweihnachtliche-klavierschuelerkonzert-2024\/#primaryimage\",\"url\":\"http:\/\/www.dietmar-korthals.de\/dietmar-korthals_wordpress\/wp-content\/uploads\/2025\/03\/IMG_4141-scaled.webp\",\"contentUrl\":\"http:\/\/www.dietmar-korthals.de\/dietmar-korthals_wordpress\/wp-content\/uploads\/2025\/03\/IMG_4141-scaled.webp\",\"width\":1920,\"height\":1440,\"caption\":\"Klaviersch\u00fclerInnen\"},{\"@type\":\"BreadcrumbList\",\"@id\":\"https:\/\/www.dietmar-korthals.de\/dietmar-korthals_wordpress\/2025\/03\/09\/das-vorweihnachtliche-klavierschuelerkonzert-2024\/#breadcrumb\",\"itemListElement\":[{\"@type\":\"ListItem\",\"position\":1,\"name\":\"Home\",\"item\":\"https:\/\/www.dietmar-korthals.de\/dietmar-korthals_wordpress\/\"},{\"@type\":\"ListItem\",\"position\":2,\"name\":\"Das vorweihnachtliche Klaviersch\u00fclerkonzert 2024\"}]},{\"@type\":\"WebSite\",\"@id\":\"https:\/\/www.dietmar-korthals.de\/dietmar-korthals_wordpress\/#website\",\"url\":\"https:\/\/www.dietmar-korthals.de\/dietmar-korthals_wordpress\/\",\"name\":\"Dietmar Korthals\",\"description\":\"Klavier. Orgel. Konzerte. Unterricht.\",\"publisher\":{\"@id\":\"https:\/\/www.dietmar-korthals.de\/dietmar-korthals_wordpress\/#\/schema\/person\/e762c527bb5e2287a6e0cdf9577bc822\"},\"potentialAction\":[{\"@type\":\"SearchAction\",\"target\":{\"@type\":\"EntryPoint\",\"urlTemplate\":\"https:\/\/www.dietmar-korthals.de\/dietmar-korthals_wordpress\/?s={search_term_string}\"},\"query-input\":\"required name=search_term_string\"}],\"inLanguage\":\"de\"},{\"@type\":[\"Person\",\"Organization\"],\"@id\":\"https:\/\/www.dietmar-korthals.de\/dietmar-korthals_wordpress\/#\/schema\/person\/e762c527bb5e2287a6e0cdf9577bc822\",\"name\":\"bluenote\",\"image\":{\"@type\":\"ImageObject\",\"inLanguage\":\"de\",\"@id\":\"https:\/\/www.dietmar-korthals.de\/dietmar-korthals_wordpress\/#\/schema\/person\/image\/\",\"url\":\"https:\/\/www.dietmar-korthals.de\/dietmar-korthals_wordpress\/wp-content\/uploads\/2024\/03\/dietmar_korthals_3-scaled-e1723734283249.webp\",\"contentUrl\":\"https:\/\/www.dietmar-korthals.de\/dietmar-korthals_wordpress\/wp-content\/uploads\/2024\/03\/dietmar_korthals_3-scaled-e1723734283249.webp\",\"width\":1180,\"height\":635,\"caption\":\"bluenote\"},\"logo\":{\"@id\":\"https:\/\/www.dietmar-korthals.de\/dietmar-korthals_wordpress\/#\/schema\/person\/image\/\"},\"description\":\"Preistr\u00e4ger Jugend komponiert. Studium Musikwissenschaft in Bochum. Klavierlehrer. Organist der Dortmunder Pauluskirche. Projekt \\\"Die popul\u00e4re Orgel\\\" - Choralbearbeitungen in Pop- und Jazzstilen f\u00fcr die Pfeifenorgel. Projekt Orgel plus DJ mit DJ Dash. Projekt PianoSacra - Klavierkl\u00e4nge f\u00fcr die Kirche. Projekt Das Orgelkombinat - Orgel plus Synthesizer. Fernerhin Interesse an den Werken Dortmunder Orgelkomponisten, insbesondere Otto Heinermann\",\"sameAs\":[\"http:\/\/www.dietmar-korthals.de\/dietmar-korthals_wordpress\",\"https:\/\/www.facebook.com\/dietmar.korthals\",\"https:\/\/www.youtube.com\/channel\/UCq2BlRBc_vQkNzsMAInGP6A\",\"https:\/\/de.everybodywiki.com\/Dietmar_Korthals\"],\"url\":\"http:\/\/www.dietmar-korthals.de\/dietmar-korthals_wordpress\/author\/bluenote\/\"}]}<\/script>\n<!-- \/ Yoast SEO plugin. -->","yoast_head_json":{"title":"Das vorweihnachtliche Klaviersch\u00fclerkonzert 2024 - Dietmar Korthals","robots":{"index":"index","follow":"follow","max-snippet":"max-snippet:-1","max-image-preview":"max-image-preview:large","max-video-preview":"max-video-preview:-1"},"canonical":"https:\/\/www.dietmar-korthals.de\/dietmar-korthals_wordpress\/2025\/03\/09\/das-vorweihnachtliche-klavierschuelerkonzert-2024\/","og_locale":"de_DE","og_type":"article","og_title":"Das vorweihnachtliche Klaviersch\u00fclerkonzert 2024 - Dietmar Korthals","og_url":"https:\/\/www.dietmar-korthals.de\/dietmar-korthals_wordpress\/2025\/03\/09\/das-vorweihnachtliche-klavierschuelerkonzert-2024\/","og_site_name":"Dietmar Korthals","article_publisher":"https:\/\/www.facebook.com\/dietmar.korthals","article_author":"https:\/\/www.facebook.com\/dietmar.korthals","article_published_time":"2025-03-09T14:25:05+00:00","article_modified_time":"2025-03-09T14:25:06+00:00","og_image":[{"width":1920,"height":1440,"url":"https:\/\/www.dietmar-korthals.de\/dietmar-korthals_wordpress\/wp-content\/uploads\/2025\/03\/IMG_4141-scaled.webp","type":"image\/webp"}],"author":"bluenote","twitter_card":"summary_large_image","twitter_misc":{"Verfasst von":"bluenote","Gesch\u00e4tzte Lesezeit":"1\u00a0Minute"},"schema":{"@context":"https:\/\/schema.org","@graph":[{"@type":"Article","@id":"https:\/\/www.dietmar-korthals.de\/dietmar-korthals_wordpress\/2025\/03\/09\/das-vorweihnachtliche-klavierschuelerkonzert-2024\/#article","isPartOf":{"@id":"https:\/\/www.dietmar-korthals.de\/dietmar-korthals_wordpress\/2025\/03\/09\/das-vorweihnachtliche-klavierschuelerkonzert-2024\/"},"author":{"name":"bluenote","@id":"https:\/\/www.dietmar-korthals.de\/dietmar-korthals_wordpress\/#\/schema\/person\/e762c527bb5e2287a6e0cdf9577bc822"},"headline":"Das vorweihnachtliche Klaviersch\u00fclerkonzert 2024","datePublished":"2025-03-09T14:25:05+00:00","dateModified":"2025-03-09T14:25:06+00:00","mainEntityOfPage":{"@id":"https:\/\/www.dietmar-korthals.de\/dietmar-korthals_wordpress\/2025\/03\/09\/das-vorweihnachtliche-klavierschuelerkonzert-2024\/"},"wordCount":141,"commentCount":0,"publisher":{"@id":"https:\/\/www.dietmar-korthals.de\/dietmar-korthals_wordpress\/#\/schema\/person\/e762c527bb5e2287a6e0cdf9577bc822"},"image":{"@id":"https:\/\/www.dietmar-korthals.de\/dietmar-korthals_wordpress\/2025\/03\/09\/das-vorweihnachtliche-klavierschuelerkonzert-2024\/#primaryimage"},"thumbnailUrl":"http:\/\/www.dietmar-korthals.de\/dietmar-korthals_wordpress\/wp-content\/uploads\/2025\/03\/IMG_4141-scaled.webp","keywords":["Dietmar","Dortmund","Klavier","Klavierklasse","Korthals","Pauluskirche","Sch\u00fcler","Sch\u00fclerin"],"articleSection":["Klavierunterricht"],"inLanguage":"de","potentialAction":[{"@type":"CommentAction","name":"Comment","target":["https:\/\/www.dietmar-korthals.de\/dietmar-korthals_wordpress\/2025\/03\/09\/das-vorweihnachtliche-klavierschuelerkonzert-2024\/#respond"]}]},{"@type":"WebPage","@id":"https:\/\/www.dietmar-korthals.de\/dietmar-korthals_wordpress\/2025\/03\/09\/das-vorweihnachtliche-klavierschuelerkonzert-2024\/","url":"https:\/\/www.dietmar-korthals.de\/dietmar-korthals_wordpress\/2025\/03\/09\/das-vorweihnachtliche-klavierschuelerkonzert-2024\/","name":"Das vorweihnachtliche Klaviersch\u00fclerkonzert 2024 - Dietmar Korthals","isPartOf":{"@id":"https:\/\/www.dietmar-korthals.de\/dietmar-korthals_wordpress\/#website"},"primaryImageOfPage":{"@id":"https:\/\/www.dietmar-korthals.de\/dietmar-korthals_wordpress\/2025\/03\/09\/das-vorweihnachtliche-klavierschuelerkonzert-2024\/#primaryimage"},"image":{"@id":"https:\/\/www.dietmar-korthals.de\/dietmar-korthals_wordpress\/2025\/03\/09\/das-vorweihnachtliche-klavierschuelerkonzert-2024\/#primaryimage"},"thumbnailUrl":"http:\/\/www.dietmar-korthals.de\/dietmar-korthals_wordpress\/wp-content\/uploads\/2025\/03\/IMG_4141-scaled.webp","datePublished":"2025-03-09T14:25:05+00:00","dateModified":"2025-03-09T14:25:06+00:00","breadcrumb":{"@id":"https:\/\/www.dietmar-korthals.de\/dietmar-korthals_wordpress\/2025\/03\/09\/das-vorweihnachtliche-klavierschuelerkonzert-2024\/#breadcrumb"},"inLanguage":"de","potentialAction":[{"@type":"ReadAction","target":["https:\/\/www.dietmar-korthals.de\/dietmar-korthals_wordpress\/2025\/03\/09\/das-vorweihnachtliche-klavierschuelerkonzert-2024\/"]}]},{"@type":"ImageObject","inLanguage":"de","@id":"https:\/\/www.dietmar-korthals.de\/dietmar-korthals_wordpress\/2025\/03\/09\/das-vorweihnachtliche-klavierschuelerkonzert-2024\/#primaryimage","url":"http:\/\/www.dietmar-korthals.de\/dietmar-korthals_wordpress\/wp-content\/uploads\/2025\/03\/IMG_4141-scaled.webp","contentUrl":"http:\/\/www.dietmar-korthals.de\/dietmar-korthals_wordpress\/wp-content\/uploads\/2025\/03\/IMG_4141-scaled.webp","width":1920,"height":1440,"caption":"Klaviersch\u00fclerInnen"},{"@type":"BreadcrumbList","@id":"https:\/\/www.dietmar-korthals.de\/dietmar-korthals_wordpress\/2025\/03\/09\/das-vorweihnachtliche-klavierschuelerkonzert-2024\/#breadcrumb","itemListElement":[{"@type":"ListItem","position":1,"name":"Home","item":"https:\/\/www.dietmar-korthals.de\/dietmar-korthals_wordpress\/"},{"@type":"ListItem","position":2,"name":"Das vorweihnachtliche Klaviersch\u00fclerkonzert 2024"}]},{"@type":"WebSite","@id":"https:\/\/www.dietmar-korthals.de\/dietmar-korthals_wordpress\/#website","url":"https:\/\/www.dietmar-korthals.de\/dietmar-korthals_wordpress\/","name":"Dietmar Korthals","description":"Klavier. Orgel. Konzerte. Unterricht.","publisher":{"@id":"https:\/\/www.dietmar-korthals.de\/dietmar-korthals_wordpress\/#\/schema\/person\/e762c527bb5e2287a6e0cdf9577bc822"},"potentialAction":[{"@type":"SearchAction","target":{"@type":"EntryPoint","urlTemplate":"https:\/\/www.dietmar-korthals.de\/dietmar-korthals_wordpress\/?s={search_term_string}"},"query-input":"required name=search_term_string"}],"inLanguage":"de"},{"@type":["Person","Organization"],"@id":"https:\/\/www.dietmar-korthals.de\/dietmar-korthals_wordpress\/#\/schema\/person\/e762c527bb5e2287a6e0cdf9577bc822","name":"bluenote","image":{"@type":"ImageObject","inLanguage":"de","@id":"https:\/\/www.dietmar-korthals.de\/dietmar-korthals_wordpress\/#\/schema\/person\/image\/","url":"https:\/\/www.dietmar-korthals.de\/dietmar-korthals_wordpress\/wp-content\/uploads\/2024\/03\/dietmar_korthals_3-scaled-e1723734283249.webp","contentUrl":"https:\/\/www.dietmar-korthals.de\/dietmar-korthals_wordpress\/wp-content\/uploads\/2024\/03\/dietmar_korthals_3-scaled-e1723734283249.webp","width":1180,"height":635,"caption":"bluenote"},"logo":{"@id":"https:\/\/www.dietmar-korthals.de\/dietmar-korthals_wordpress\/#\/schema\/person\/image\/"},"description":"Preistr\u00e4ger Jugend komponiert. Studium Musikwissenschaft in Bochum. Klavierlehrer. Organist der Dortmunder Pauluskirche. Projekt \"Die popul\u00e4re Orgel\" - Choralbearbeitungen in Pop- und Jazzstilen f\u00fcr die Pfeifenorgel. Projekt Orgel plus DJ mit DJ Dash. Projekt PianoSacra - Klavierkl\u00e4nge f\u00fcr die Kirche. Projekt Das Orgelkombinat - Orgel plus Synthesizer. Fernerhin Interesse an den Werken Dortmunder Orgelkomponisten, insbesondere Otto Heinermann","sameAs":["http:\/\/www.dietmar-korthals.de\/dietmar-korthals_wordpress","https:\/\/www.facebook.com\/dietmar.korthals","https:\/\/www.youtube.com\/channel\/UCq2BlRBc_vQkNzsMAInGP6A","https:\/\/de.everybodywiki.com\/Dietmar_Korthals"],"url":"http:\/\/www.dietmar-korthals.de\/dietmar-korthals_wordpress\/author\/bluenote\/"}]}},"_links":{"self":[{"href":"http:\/\/www.dietmar-korthals.de\/dietmar-korthals_wordpress\/wp-json\/wp\/v2\/posts\/558","targetHints":{"allow":["GET"]}}],"collection":[{"href":"http:\/\/www.dietmar-korthals.de\/dietmar-korthals_wordpress\/wp-json\/wp\/v2\/posts"}],"about":[{"href":"http:\/\/www.dietmar-korthals.de\/dietmar-korthals_wordpress\/wp-json\/wp\/v2\/types\/post"}],"author":[{"embeddable":true,"href":"http:\/\/www.dietmar-korthals.de\/dietmar-korthals_wordpress\/wp-json\/wp\/v2\/users\/1"}],"replies":[{"embeddable":true,"href":"http:\/\/www.dietmar-korthals.de\/dietmar-korthals_wordpress\/wp-json\/wp\/v2\/comments?post=558"}],"version-history":[{"count":3,"href":"http:\/\/www.dietmar-korthals.de\/dietmar-korthals_wordpress\/wp-json\/wp\/v2\/posts\/558\/revisions"}],"predecessor-version":[{"id":561,"href":"http:\/\/www.dietmar-korthals.de\/dietmar-korthals_wordpress\/wp-json\/wp\/v2\/posts\/558\/revisions\/561"}],"wp:featuredmedia":[{"embeddable":true,"href":"http:\/\/www.dietmar-korthals.de\/dietmar-korthals_wordpress\/wp-json\/wp\/v2\/media\/545"}],"wp:attachment":[{"href":"http:\/\/www.dietmar-korthals.de\/dietmar-korthals_wordpress\/wp-json\/wp\/v2\/media?parent=558"}],"wp:term":[{"taxonomy":"category","embeddable":true,"href":"http:\/\/www.dietmar-korthals.de\/dietmar-korthals_wordpress\/wp-json\/wp\/v2\/categories?post=558"},{"taxonomy":"post_tag","embeddable":true,"href":"http:\/\/www.dietmar-korthals.de\/dietmar-korthals_wordpress\/wp-json\/wp\/v2\/tags?post=558"}],"curies":[{"name":"wp","href":"https:\/\/api.w.org\/{rel}","templated":true}]}}