{"id":526,"date":"2024-11-19T11:06:41","date_gmt":"2024-11-19T10:06:41","guid":{"rendered":"https:\/\/www.dietmar-korthals.de\/dietmar-korthals_wordpress\/?p=526"},"modified":"2024-11-19T11:06:41","modified_gmt":"2024-11-19T10:06:41","slug":"duesseldorf-zu-gast-ido-orgelfahrt-nach-dortmund","status":"publish","type":"post","link":"http:\/\/www.dietmar-korthals.de\/dietmar-korthals_wordpress\/2024\/11\/19\/duesseldorf-zu-gast-ido-orgelfahrt-nach-dortmund\/","title":{"rendered":"D\u00fcsseldorf zu Gast: IDO-Orgelfahrt nach Dortmund"},"content":{"rendered":"\n<div class=\"wp-block-media-text is-stacked-on-mobile\"><figure class=\"wp-block-media-text__media\"><img fetchpriority=\"high\" decoding=\"async\" width=\"768\" height=\"1024\" src=\"http:\/\/www.dietmar-korthals.de\/dietmar-korthals_wordpress\/wp-content\/uploads\/2024\/11\/IMG_4119-768x1024.webp\" alt=\"\" class=\"wp-image-521 size-full\" srcset=\"http:\/\/www.dietmar-korthals.de\/dietmar-korthals_wordpress\/wp-content\/uploads\/2024\/11\/IMG_4119-768x1024.webp 768w, http:\/\/www.dietmar-korthals.de\/dietmar-korthals_wordpress\/wp-content\/uploads\/2024\/11\/IMG_4119-225x300.webp 225w, http:\/\/www.dietmar-korthals.de\/dietmar-korthals_wordpress\/wp-content\/uploads\/2024\/11\/IMG_4119-1152x1536.webp 1152w, http:\/\/www.dietmar-korthals.de\/dietmar-korthals_wordpress\/wp-content\/uploads\/2024\/11\/IMG_4119-scaled.webp 1440w, http:\/\/www.dietmar-korthals.de\/dietmar-korthals_wordpress\/wp-content\/uploads\/2024\/11\/IMG_4119-641x855.webp 641w\" sizes=\"(max-width: 768px) 100vw, 768px\" \/><\/figure><div class=\"wp-block-media-text__content\">\n<p>Ein ganz pers\u00f6nliches Highlight war f\u00fcr mich der Besuch  des <a href=\"https:\/\/www.ido-festival.de\/\">Internationalen D\u00fcsseldorfer Orgelfestivals<\/a>. Die Pauluskirche war einer der vier Stationen einer vom IDO veranstalteten Orgelfahrt. <\/p>\n\n\n\n<p>Ich lernte eine Menge kompetenter Menschen kennen, die <em>wirklich<\/em> Ahnung von Orgel und ihrer Musik haben &#8211; abgesehen davon, dass sie interessiert und freundlich waren. <\/p>\n\n\n\n<p>Claudia und ich gaben eine Einf\u00fchrung in die Geschichte der Pauluskirche und ihren Orgeln und erkl\u00e4rten das Instrument. <\/p>\n\n\n\n<p>Zu h\u00f6ren gab es einen Querschnitt durch die Orgelmusik der Gemeinde. Zuerst erklang Otto Heinermanns &#8222;Idyll und Fuge&#8220;. Otto Heinermann war von 1909 bis 1944 Organist der Pauluskirche. Fortgef\u00fchrt wurde das Programm mit zwei Titeln aus dem Programm &#8222;Die popul\u00e4re Orgel&#8220;: &#8222;Bist du bei mir&#8220; mit Stilmitteln einer Pop-Ballade und &#8222;Ich singe dir mit Herz und Mund&#8220; als Swing-Version. Zuletzt gab es mit Orgelversionen von Linkin Parks &#8222;Castle Of Glass&#8220; und ABBAs &#8222;Thank You For The Music&#8220; nicht nur einen Teil des Programms &#8222;Stars auf der Kirchenorgel&#8220;, sondern auch einen Einblick in die Gemeindearbeit.<\/p>\n\n\n\n<p>\u00dcber diese Gemeindearbeit wurde anschlie\u00dfend interessiert und engagiert geredet.<\/p>\n<\/div><\/div>\n","protected":false},"excerpt":{"rendered":"<p>Ein ganz pers\u00f6nliches Highlight war f\u00fcr mich der Besuch des Internationalen D\u00fcsseldorfer Orgelfestivals. Die Pauluskirche war einer der vier Stationen<span class=\"more-dots\">&#8230;<\/span><\/p>\n","protected":false},"author":1,"featured_media":0,"comment_status":"open","ping_status":"open","sticky":false,"template":"","format":"standard","meta":{"_uf_show_specific_survey":0,"_uf_disable_surveys":false,"footnotes":""},"categories":[32,26,12],"tags":[8,23,34,28,33,7,31,22,25,24],"class_list":["post-526","post","type-post","status-publish","format-standard","hentry","category-die-populaere-orgel","category-klassik","category-stars-auf-der-kirchenorgel","tag-dietmar","tag-dortmund","tag-festival","tag-heinermann","tag-ido","tag-korthals","tag-otto","tag-pauluskirche","tag-pfeifenorgel","tag-rieger","no-post-thumbnail"],"yoast_head":"<!-- This site is optimized with the Yoast SEO plugin v23.3 - https:\/\/yoast.com\/wordpress\/plugins\/seo\/ -->\n<title>D\u00fcsseldorf zu Gast: IDO-Orgelfahrt nach Dortmund - Dietmar Korthals<\/title>\n<meta name=\"robots\" content=\"index, follow, max-snippet:-1, max-image-preview:large, max-video-preview:-1\" \/>\n<link rel=\"canonical\" href=\"http:\/\/www.dietmar-korthals.de\/dietmar-korthals_wordpress\/2024\/11\/19\/duesseldorf-zu-gast-ido-orgelfahrt-nach-dortmund\/\" \/>\n<meta property=\"og:locale\" content=\"de_DE\" \/>\n<meta property=\"og:type\" content=\"article\" \/>\n<meta property=\"og:title\" content=\"D\u00fcsseldorf zu Gast: IDO-Orgelfahrt nach Dortmund - Dietmar Korthals\" \/>\n<meta property=\"og:description\" content=\"Ein ganz pers\u00f6nliches Highlight war f\u00fcr mich der Besuch des Internationalen D\u00fcsseldorfer Orgelfestivals. Die Pauluskirche war einer der vier Stationen...\" \/>\n<meta property=\"og:url\" content=\"http:\/\/www.dietmar-korthals.de\/dietmar-korthals_wordpress\/2024\/11\/19\/duesseldorf-zu-gast-ido-orgelfahrt-nach-dortmund\/\" \/>\n<meta property=\"og:site_name\" content=\"Dietmar Korthals\" \/>\n<meta property=\"article:publisher\" content=\"https:\/\/www.facebook.com\/dietmar.korthals\" \/>\n<meta property=\"article:author\" content=\"https:\/\/www.facebook.com\/dietmar.korthals\" \/>\n<meta property=\"article:published_time\" content=\"2024-11-19T10:06:41+00:00\" \/>\n<meta property=\"og:image\" content=\"http:\/\/www.dietmar-korthals.de\/dietmar-korthals_wordpress\/wp-content\/uploads\/2024\/11\/IMG_4119-768x1024.webp\" \/>\n<meta name=\"author\" content=\"bluenote\" \/>\n<meta name=\"twitter:card\" content=\"summary_large_image\" \/>\n<meta name=\"twitter:label1\" content=\"Verfasst von\" \/>\n\t<meta name=\"twitter:data1\" content=\"bluenote\" \/>\n\t<meta name=\"twitter:label2\" content=\"Gesch\u00e4tzte Lesezeit\" \/>\n\t<meta name=\"twitter:data2\" content=\"2\u00a0Minuten\" \/>\n<script type=\"application\/ld+json\" class=\"yoast-schema-graph\">{\"@context\":\"https:\/\/schema.org\",\"@graph\":[{\"@type\":\"Article\",\"@id\":\"http:\/\/www.dietmar-korthals.de\/dietmar-korthals_wordpress\/2024\/11\/19\/duesseldorf-zu-gast-ido-orgelfahrt-nach-dortmund\/#article\",\"isPartOf\":{\"@id\":\"http:\/\/www.dietmar-korthals.de\/dietmar-korthals_wordpress\/2024\/11\/19\/duesseldorf-zu-gast-ido-orgelfahrt-nach-dortmund\/\"},\"author\":{\"name\":\"bluenote\",\"@id\":\"https:\/\/www.dietmar-korthals.de\/dietmar-korthals_wordpress\/#\/schema\/person\/e762c527bb5e2287a6e0cdf9577bc822\"},\"headline\":\"D\u00fcsseldorf zu Gast: IDO-Orgelfahrt nach Dortmund\",\"datePublished\":\"2024-11-19T10:06:41+00:00\",\"dateModified\":\"2024-11-19T10:06:41+00:00\",\"mainEntityOfPage\":{\"@id\":\"http:\/\/www.dietmar-korthals.de\/dietmar-korthals_wordpress\/2024\/11\/19\/duesseldorf-zu-gast-ido-orgelfahrt-nach-dortmund\/\"},\"wordCount\":185,\"commentCount\":0,\"publisher\":{\"@id\":\"https:\/\/www.dietmar-korthals.de\/dietmar-korthals_wordpress\/#\/schema\/person\/e762c527bb5e2287a6e0cdf9577bc822\"},\"image\":{\"@id\":\"http:\/\/www.dietmar-korthals.de\/dietmar-korthals_wordpress\/2024\/11\/19\/duesseldorf-zu-gast-ido-orgelfahrt-nach-dortmund\/#primaryimage\"},\"thumbnailUrl\":\"http:\/\/www.dietmar-korthals.de\/dietmar-korthals_wordpress\/wp-content\/uploads\/2024\/11\/IMG_4119-768x1024.webp\",\"keywords\":[\"Dietmar\",\"Dortmund\",\"Festival\",\"Heinermann\",\"IDO\",\"Korthals\",\"Otto\",\"Pauluskirche\",\"Pfeifenorgel\",\"Rieger\"],\"articleSection\":[\"die popul\u00e4re orgel\",\"Klassik\",\"Stars auf der Kirchenorgel\"],\"inLanguage\":\"de\",\"potentialAction\":[{\"@type\":\"CommentAction\",\"name\":\"Comment\",\"target\":[\"http:\/\/www.dietmar-korthals.de\/dietmar-korthals_wordpress\/2024\/11\/19\/duesseldorf-zu-gast-ido-orgelfahrt-nach-dortmund\/#respond\"]}]},{\"@type\":\"WebPage\",\"@id\":\"http:\/\/www.dietmar-korthals.de\/dietmar-korthals_wordpress\/2024\/11\/19\/duesseldorf-zu-gast-ido-orgelfahrt-nach-dortmund\/\",\"url\":\"http:\/\/www.dietmar-korthals.de\/dietmar-korthals_wordpress\/2024\/11\/19\/duesseldorf-zu-gast-ido-orgelfahrt-nach-dortmund\/\",\"name\":\"D\u00fcsseldorf zu Gast: IDO-Orgelfahrt nach Dortmund - Dietmar Korthals\",\"isPartOf\":{\"@id\":\"https:\/\/www.dietmar-korthals.de\/dietmar-korthals_wordpress\/#website\"},\"primaryImageOfPage\":{\"@id\":\"http:\/\/www.dietmar-korthals.de\/dietmar-korthals_wordpress\/2024\/11\/19\/duesseldorf-zu-gast-ido-orgelfahrt-nach-dortmund\/#primaryimage\"},\"image\":{\"@id\":\"http:\/\/www.dietmar-korthals.de\/dietmar-korthals_wordpress\/2024\/11\/19\/duesseldorf-zu-gast-ido-orgelfahrt-nach-dortmund\/#primaryimage\"},\"thumbnailUrl\":\"http:\/\/www.dietmar-korthals.de\/dietmar-korthals_wordpress\/wp-content\/uploads\/2024\/11\/IMG_4119-768x1024.webp\",\"datePublished\":\"2024-11-19T10:06:41+00:00\",\"dateModified\":\"2024-11-19T10:06:41+00:00\",\"breadcrumb\":{\"@id\":\"http:\/\/www.dietmar-korthals.de\/dietmar-korthals_wordpress\/2024\/11\/19\/duesseldorf-zu-gast-ido-orgelfahrt-nach-dortmund\/#breadcrumb\"},\"inLanguage\":\"de\",\"potentialAction\":[{\"@type\":\"ReadAction\",\"target\":[\"http:\/\/www.dietmar-korthals.de\/dietmar-korthals_wordpress\/2024\/11\/19\/duesseldorf-zu-gast-ido-orgelfahrt-nach-dortmund\/\"]}]},{\"@type\":\"ImageObject\",\"inLanguage\":\"de\",\"@id\":\"http:\/\/www.dietmar-korthals.de\/dietmar-korthals_wordpress\/2024\/11\/19\/duesseldorf-zu-gast-ido-orgelfahrt-nach-dortmund\/#primaryimage\",\"url\":\"http:\/\/www.dietmar-korthals.de\/dietmar-korthals_wordpress\/wp-content\/uploads\/2024\/11\/IMG_4119-scaled.webp\",\"contentUrl\":\"http:\/\/www.dietmar-korthals.de\/dietmar-korthals_wordpress\/wp-content\/uploads\/2024\/11\/IMG_4119-scaled.webp\",\"width\":1440,\"height\":1920},{\"@type\":\"BreadcrumbList\",\"@id\":\"http:\/\/www.dietmar-korthals.de\/dietmar-korthals_wordpress\/2024\/11\/19\/duesseldorf-zu-gast-ido-orgelfahrt-nach-dortmund\/#breadcrumb\",\"itemListElement\":[{\"@type\":\"ListItem\",\"position\":1,\"name\":\"Home\",\"item\":\"https:\/\/www.dietmar-korthals.de\/dietmar-korthals_wordpress\/\"},{\"@type\":\"ListItem\",\"position\":2,\"name\":\"D\u00fcsseldorf zu Gast: IDO-Orgelfahrt nach Dortmund\"}]},{\"@type\":\"WebSite\",\"@id\":\"https:\/\/www.dietmar-korthals.de\/dietmar-korthals_wordpress\/#website\",\"url\":\"https:\/\/www.dietmar-korthals.de\/dietmar-korthals_wordpress\/\",\"name\":\"Dietmar Korthals\",\"description\":\"Klavier. Orgel. Konzerte. Unterricht.\",\"publisher\":{\"@id\":\"https:\/\/www.dietmar-korthals.de\/dietmar-korthals_wordpress\/#\/schema\/person\/e762c527bb5e2287a6e0cdf9577bc822\"},\"potentialAction\":[{\"@type\":\"SearchAction\",\"target\":{\"@type\":\"EntryPoint\",\"urlTemplate\":\"https:\/\/www.dietmar-korthals.de\/dietmar-korthals_wordpress\/?s={search_term_string}\"},\"query-input\":\"required name=search_term_string\"}],\"inLanguage\":\"de\"},{\"@type\":[\"Person\",\"Organization\"],\"@id\":\"https:\/\/www.dietmar-korthals.de\/dietmar-korthals_wordpress\/#\/schema\/person\/e762c527bb5e2287a6e0cdf9577bc822\",\"name\":\"bluenote\",\"image\":{\"@type\":\"ImageObject\",\"inLanguage\":\"de\",\"@id\":\"https:\/\/www.dietmar-korthals.de\/dietmar-korthals_wordpress\/#\/schema\/person\/image\/\",\"url\":\"https:\/\/www.dietmar-korthals.de\/dietmar-korthals_wordpress\/wp-content\/uploads\/2024\/03\/dietmar_korthals_3-scaled-e1723734283249.webp\",\"contentUrl\":\"https:\/\/www.dietmar-korthals.de\/dietmar-korthals_wordpress\/wp-content\/uploads\/2024\/03\/dietmar_korthals_3-scaled-e1723734283249.webp\",\"width\":1180,\"height\":635,\"caption\":\"bluenote\"},\"logo\":{\"@id\":\"https:\/\/www.dietmar-korthals.de\/dietmar-korthals_wordpress\/#\/schema\/person\/image\/\"},\"description\":\"Preistr\u00e4ger Jugend komponiert. Studium Musikwissenschaft in Bochum. Klavierlehrer. Organist der Dortmunder Pauluskirche. Projekt \\\"Die popul\u00e4re Orgel\\\" - Choralbearbeitungen in Pop- und Jazzstilen f\u00fcr die Pfeifenorgel. Projekt Orgel plus DJ mit DJ Dash. Projekt PianoSacra - Klavierkl\u00e4nge f\u00fcr die Kirche. Projekt Das Orgelkombinat - Orgel plus Synthesizer. Fernerhin Interesse an den Werken Dortmunder Orgelkomponisten, insbesondere Otto Heinermann\",\"sameAs\":[\"http:\/\/www.dietmar-korthals.de\/dietmar-korthals_wordpress\",\"https:\/\/www.facebook.com\/dietmar.korthals\",\"https:\/\/www.youtube.com\/channel\/UCq2BlRBc_vQkNzsMAInGP6A\",\"https:\/\/de.everybodywiki.com\/Dietmar_Korthals\"],\"url\":\"http:\/\/www.dietmar-korthals.de\/dietmar-korthals_wordpress\/author\/bluenote\/\"}]}<\/script>\n<!-- \/ Yoast SEO plugin. -->","yoast_head_json":{"title":"D\u00fcsseldorf zu Gast: IDO-Orgelfahrt nach Dortmund - Dietmar Korthals","robots":{"index":"index","follow":"follow","max-snippet":"max-snippet:-1","max-image-preview":"max-image-preview:large","max-video-preview":"max-video-preview:-1"},"canonical":"http:\/\/www.dietmar-korthals.de\/dietmar-korthals_wordpress\/2024\/11\/19\/duesseldorf-zu-gast-ido-orgelfahrt-nach-dortmund\/","og_locale":"de_DE","og_type":"article","og_title":"D\u00fcsseldorf zu Gast: IDO-Orgelfahrt nach Dortmund - Dietmar Korthals","og_description":"Ein ganz pers\u00f6nliches Highlight war f\u00fcr mich der Besuch des Internationalen D\u00fcsseldorfer Orgelfestivals. Die Pauluskirche war einer der vier Stationen...","og_url":"http:\/\/www.dietmar-korthals.de\/dietmar-korthals_wordpress\/2024\/11\/19\/duesseldorf-zu-gast-ido-orgelfahrt-nach-dortmund\/","og_site_name":"Dietmar Korthals","article_publisher":"https:\/\/www.facebook.com\/dietmar.korthals","article_author":"https:\/\/www.facebook.com\/dietmar.korthals","article_published_time":"2024-11-19T10:06:41+00:00","og_image":[{"url":"http:\/\/www.dietmar-korthals.de\/dietmar-korthals_wordpress\/wp-content\/uploads\/2024\/11\/IMG_4119-768x1024.webp"}],"author":"bluenote","twitter_card":"summary_large_image","twitter_misc":{"Verfasst von":"bluenote","Gesch\u00e4tzte Lesezeit":"2\u00a0Minuten"},"schema":{"@context":"https:\/\/schema.org","@graph":[{"@type":"Article","@id":"http:\/\/www.dietmar-korthals.de\/dietmar-korthals_wordpress\/2024\/11\/19\/duesseldorf-zu-gast-ido-orgelfahrt-nach-dortmund\/#article","isPartOf":{"@id":"http:\/\/www.dietmar-korthals.de\/dietmar-korthals_wordpress\/2024\/11\/19\/duesseldorf-zu-gast-ido-orgelfahrt-nach-dortmund\/"},"author":{"name":"bluenote","@id":"https:\/\/www.dietmar-korthals.de\/dietmar-korthals_wordpress\/#\/schema\/person\/e762c527bb5e2287a6e0cdf9577bc822"},"headline":"D\u00fcsseldorf zu Gast: IDO-Orgelfahrt nach Dortmund","datePublished":"2024-11-19T10:06:41+00:00","dateModified":"2024-11-19T10:06:41+00:00","mainEntityOfPage":{"@id":"http:\/\/www.dietmar-korthals.de\/dietmar-korthals_wordpress\/2024\/11\/19\/duesseldorf-zu-gast-ido-orgelfahrt-nach-dortmund\/"},"wordCount":185,"commentCount":0,"publisher":{"@id":"https:\/\/www.dietmar-korthals.de\/dietmar-korthals_wordpress\/#\/schema\/person\/e762c527bb5e2287a6e0cdf9577bc822"},"image":{"@id":"http:\/\/www.dietmar-korthals.de\/dietmar-korthals_wordpress\/2024\/11\/19\/duesseldorf-zu-gast-ido-orgelfahrt-nach-dortmund\/#primaryimage"},"thumbnailUrl":"http:\/\/www.dietmar-korthals.de\/dietmar-korthals_wordpress\/wp-content\/uploads\/2024\/11\/IMG_4119-768x1024.webp","keywords":["Dietmar","Dortmund","Festival","Heinermann","IDO","Korthals","Otto","Pauluskirche","Pfeifenorgel","Rieger"],"articleSection":["die popul\u00e4re orgel","Klassik","Stars auf der Kirchenorgel"],"inLanguage":"de","potentialAction":[{"@type":"CommentAction","name":"Comment","target":["http:\/\/www.dietmar-korthals.de\/dietmar-korthals_wordpress\/2024\/11\/19\/duesseldorf-zu-gast-ido-orgelfahrt-nach-dortmund\/#respond"]}]},{"@type":"WebPage","@id":"http:\/\/www.dietmar-korthals.de\/dietmar-korthals_wordpress\/2024\/11\/19\/duesseldorf-zu-gast-ido-orgelfahrt-nach-dortmund\/","url":"http:\/\/www.dietmar-korthals.de\/dietmar-korthals_wordpress\/2024\/11\/19\/duesseldorf-zu-gast-ido-orgelfahrt-nach-dortmund\/","name":"D\u00fcsseldorf zu Gast: IDO-Orgelfahrt nach Dortmund - Dietmar Korthals","isPartOf":{"@id":"https:\/\/www.dietmar-korthals.de\/dietmar-korthals_wordpress\/#website"},"primaryImageOfPage":{"@id":"http:\/\/www.dietmar-korthals.de\/dietmar-korthals_wordpress\/2024\/11\/19\/duesseldorf-zu-gast-ido-orgelfahrt-nach-dortmund\/#primaryimage"},"image":{"@id":"http:\/\/www.dietmar-korthals.de\/dietmar-korthals_wordpress\/2024\/11\/19\/duesseldorf-zu-gast-ido-orgelfahrt-nach-dortmund\/#primaryimage"},"thumbnailUrl":"http:\/\/www.dietmar-korthals.de\/dietmar-korthals_wordpress\/wp-content\/uploads\/2024\/11\/IMG_4119-768x1024.webp","datePublished":"2024-11-19T10:06:41+00:00","dateModified":"2024-11-19T10:06:41+00:00","breadcrumb":{"@id":"http:\/\/www.dietmar-korthals.de\/dietmar-korthals_wordpress\/2024\/11\/19\/duesseldorf-zu-gast-ido-orgelfahrt-nach-dortmund\/#breadcrumb"},"inLanguage":"de","potentialAction":[{"@type":"ReadAction","target":["http:\/\/www.dietmar-korthals.de\/dietmar-korthals_wordpress\/2024\/11\/19\/duesseldorf-zu-gast-ido-orgelfahrt-nach-dortmund\/"]}]},{"@type":"ImageObject","inLanguage":"de","@id":"http:\/\/www.dietmar-korthals.de\/dietmar-korthals_wordpress\/2024\/11\/19\/duesseldorf-zu-gast-ido-orgelfahrt-nach-dortmund\/#primaryimage","url":"http:\/\/www.dietmar-korthals.de\/dietmar-korthals_wordpress\/wp-content\/uploads\/2024\/11\/IMG_4119-scaled.webp","contentUrl":"http:\/\/www.dietmar-korthals.de\/dietmar-korthals_wordpress\/wp-content\/uploads\/2024\/11\/IMG_4119-scaled.webp","width":1440,"height":1920},{"@type":"BreadcrumbList","@id":"http:\/\/www.dietmar-korthals.de\/dietmar-korthals_wordpress\/2024\/11\/19\/duesseldorf-zu-gast-ido-orgelfahrt-nach-dortmund\/#breadcrumb","itemListElement":[{"@type":"ListItem","position":1,"name":"Home","item":"https:\/\/www.dietmar-korthals.de\/dietmar-korthals_wordpress\/"},{"@type":"ListItem","position":2,"name":"D\u00fcsseldorf zu Gast: IDO-Orgelfahrt nach Dortmund"}]},{"@type":"WebSite","@id":"https:\/\/www.dietmar-korthals.de\/dietmar-korthals_wordpress\/#website","url":"https:\/\/www.dietmar-korthals.de\/dietmar-korthals_wordpress\/","name":"Dietmar Korthals","description":"Klavier. Orgel. Konzerte. Unterricht.","publisher":{"@id":"https:\/\/www.dietmar-korthals.de\/dietmar-korthals_wordpress\/#\/schema\/person\/e762c527bb5e2287a6e0cdf9577bc822"},"potentialAction":[{"@type":"SearchAction","target":{"@type":"EntryPoint","urlTemplate":"https:\/\/www.dietmar-korthals.de\/dietmar-korthals_wordpress\/?s={search_term_string}"},"query-input":"required name=search_term_string"}],"inLanguage":"de"},{"@type":["Person","Organization"],"@id":"https:\/\/www.dietmar-korthals.de\/dietmar-korthals_wordpress\/#\/schema\/person\/e762c527bb5e2287a6e0cdf9577bc822","name":"bluenote","image":{"@type":"ImageObject","inLanguage":"de","@id":"https:\/\/www.dietmar-korthals.de\/dietmar-korthals_wordpress\/#\/schema\/person\/image\/","url":"https:\/\/www.dietmar-korthals.de\/dietmar-korthals_wordpress\/wp-content\/uploads\/2024\/03\/dietmar_korthals_3-scaled-e1723734283249.webp","contentUrl":"https:\/\/www.dietmar-korthals.de\/dietmar-korthals_wordpress\/wp-content\/uploads\/2024\/03\/dietmar_korthals_3-scaled-e1723734283249.webp","width":1180,"height":635,"caption":"bluenote"},"logo":{"@id":"https:\/\/www.dietmar-korthals.de\/dietmar-korthals_wordpress\/#\/schema\/person\/image\/"},"description":"Preistr\u00e4ger Jugend komponiert. Studium Musikwissenschaft in Bochum. Klavierlehrer. Organist der Dortmunder Pauluskirche. Projekt \"Die popul\u00e4re Orgel\" - Choralbearbeitungen in Pop- und Jazzstilen f\u00fcr die Pfeifenorgel. Projekt Orgel plus DJ mit DJ Dash. Projekt PianoSacra - Klavierkl\u00e4nge f\u00fcr die Kirche. Projekt Das Orgelkombinat - Orgel plus Synthesizer. Fernerhin Interesse an den Werken Dortmunder Orgelkomponisten, insbesondere Otto Heinermann","sameAs":["http:\/\/www.dietmar-korthals.de\/dietmar-korthals_wordpress","https:\/\/www.facebook.com\/dietmar.korthals","https:\/\/www.youtube.com\/channel\/UCq2BlRBc_vQkNzsMAInGP6A","https:\/\/de.everybodywiki.com\/Dietmar_Korthals"],"url":"http:\/\/www.dietmar-korthals.de\/dietmar-korthals_wordpress\/author\/bluenote\/"}]}},"_links":{"self":[{"href":"http:\/\/www.dietmar-korthals.de\/dietmar-korthals_wordpress\/wp-json\/wp\/v2\/posts\/526","targetHints":{"allow":["GET"]}}],"collection":[{"href":"http:\/\/www.dietmar-korthals.de\/dietmar-korthals_wordpress\/wp-json\/wp\/v2\/posts"}],"about":[{"href":"http:\/\/www.dietmar-korthals.de\/dietmar-korthals_wordpress\/wp-json\/wp\/v2\/types\/post"}],"author":[{"embeddable":true,"href":"http:\/\/www.dietmar-korthals.de\/dietmar-korthals_wordpress\/wp-json\/wp\/v2\/users\/1"}],"replies":[{"embeddable":true,"href":"http:\/\/www.dietmar-korthals.de\/dietmar-korthals_wordpress\/wp-json\/wp\/v2\/comments?post=526"}],"version-history":[{"count":1,"href":"http:\/\/www.dietmar-korthals.de\/dietmar-korthals_wordpress\/wp-json\/wp\/v2\/posts\/526\/revisions"}],"predecessor-version":[{"id":527,"href":"http:\/\/www.dietmar-korthals.de\/dietmar-korthals_wordpress\/wp-json\/wp\/v2\/posts\/526\/revisions\/527"}],"wp:attachment":[{"href":"http:\/\/www.dietmar-korthals.de\/dietmar-korthals_wordpress\/wp-json\/wp\/v2\/media?parent=526"}],"wp:term":[{"taxonomy":"category","embeddable":true,"href":"http:\/\/www.dietmar-korthals.de\/dietmar-korthals_wordpress\/wp-json\/wp\/v2\/categories?post=526"},{"taxonomy":"post_tag","embeddable":true,"href":"http:\/\/www.dietmar-korthals.de\/dietmar-korthals_wordpress\/wp-json\/wp\/v2\/tags?post=526"}],"curies":[{"name":"wp","href":"https:\/\/api.w.org\/{rel}","templated":true}]}}