{"id":523,"date":"2024-11-19T10:30:33","date_gmt":"2024-11-19T09:30:33","guid":{"rendered":"https:\/\/www.dietmar-korthals.de\/dietmar-korthals_wordpress\/?p=523"},"modified":"2024-11-19T11:08:20","modified_gmt":"2024-11-19T10:08:20","slug":"die-niederlande-zu-besuch-konzert-fuer-die-s-c-m-a-f","status":"publish","type":"post","link":"http:\/\/www.dietmar-korthals.de\/dietmar-korthals_wordpress\/2024\/11\/19\/die-niederlande-zu-besuch-konzert-fuer-die-s-c-m-a-f\/","title":{"rendered":"Die Niederlande zu Besuch: Konzert f\u00fcr die S.C.M.A.F."},"content":{"rendered":"\n<div class=\"wp-block-media-text is-stacked-on-mobile\"><figure class=\"wp-block-media-text__media\"><img fetchpriority=\"high\" decoding=\"async\" width=\"821\" height=\"1024\" src=\"http:\/\/www.dietmar-korthals.de\/dietmar-korthals_wordpress\/wp-content\/uploads\/2024\/11\/Duitsland-Instagram-DE-821x1024.jpg\" alt=\"\" class=\"wp-image-519 size-full\" srcset=\"http:\/\/www.dietmar-korthals.de\/dietmar-korthals_wordpress\/wp-content\/uploads\/2024\/11\/Duitsland-Instagram-DE-821x1024.jpg 821w, http:\/\/www.dietmar-korthals.de\/dietmar-korthals_wordpress\/wp-content\/uploads\/2024\/11\/Duitsland-Instagram-DE-241x300.jpg 241w, http:\/\/www.dietmar-korthals.de\/dietmar-korthals_wordpress\/wp-content\/uploads\/2024\/11\/Duitsland-Instagram-DE-768x958.jpg 768w, http:\/\/www.dietmar-korthals.de\/dietmar-korthals_wordpress\/wp-content\/uploads\/2024\/11\/Duitsland-Instagram-DE-1232x1536.jpg 1232w, http:\/\/www.dietmar-korthals.de\/dietmar-korthals_wordpress\/wp-content\/uploads\/2024\/11\/Duitsland-Instagram-DE-1642x2048.jpg 1642w, http:\/\/www.dietmar-korthals.de\/dietmar-korthals_wordpress\/wp-content\/uploads\/2024\/11\/Duitsland-Instagram-DE-686x855.jpg 686w\" sizes=\"(max-width: 821px) 100vw, 821px\" \/><\/figure><div class=\"wp-block-media-text__content\">\n<p>Ein gutes Konzept: Die <a href=\"https:\/\/scmaf.nl\/\">Stichting Culturele Muzikale Aktiviteiten Flevoland<\/a> veranstalte im Oktober eine Orgelfahrt mit vier Organisten und drei Konzerten in Duisburg und Dortmund. Eines der Konzerte fand in der Pauluskirche Dortmund statt. <\/p>\n\n\n\n<p>Zu h\u00f6ren gab es ein klassisch orientiertes Programm mit Dortmunder Komponisten:<\/p>\n\n\n\n<ol class=\"wp-block-list\">\n<li>Wilhelm Middelschulte: Toccata \u00fcber &#8222;Ein feste Burg ist unser Gott&#8220;<\/li>\n\n\n\n<li>Otto Heinermann: Idyll und Fuge<\/li>\n\n\n\n<li>Gerard Bunk: Aeolsharfe, op. 54\/6<\/li>\n\n\n\n<li>Otto Heinermann: Herzlich tut mich verlangen<\/li>\n\n\n\n<li>Gerard Bunk: O Traurigkeit, o Herzeleid<\/li>\n\n\n\n<li>Otto Heinermann: O Traurigkeit, o Herzeleid. Trauerzug.<\/li>\n\n\n\n<li>Gerard Bunk: Trauungszug, op.65e<\/li>\n\n\n\n<li>Dietmar Korthals: meine\/deine wege<\/li>\n\n\n\n<li>Dietmar Korthals\/Gottfried Heinrich St\u00f6lzel: Bist du bei mir<\/li>\n\n\n\n<li>Dietmar Korthals: Wie Gott mich f\u00fchrt, so will ich geh&#8217;n<\/li>\n<\/ol>\n<\/div><\/div>\n","protected":false},"excerpt":{"rendered":"","protected":false},"author":1,"featured_media":0,"comment_status":"open","ping_status":"open","sticky":false,"template":"","format":"standard","meta":{"_uf_show_specific_survey":0,"_uf_disable_surveys":false,"footnotes":""},"categories":[32,26],"tags":[29,8,23,30,28,7,31,22,25,24,27],"class_list":["post-523","post","type-post","status-publish","format-standard","hentry","category-die-populaere-orgel","category-klassik","tag-bunk","tag-dietmar","tag-dortmund","tag-gerard","tag-heinermann","tag-korthals","tag-otto","tag-pauluskirche","tag-pfeifenorgel","tag-rieger","tag-scmaf","no-post-thumbnail"],"yoast_head":"<!-- This site is optimized with the Yoast SEO plugin v23.3 - https:\/\/yoast.com\/wordpress\/plugins\/seo\/ -->\n<title>Die Niederlande zu Besuch: Konzert f\u00fcr die S.C.M.A.F. - Dietmar Korthals<\/title>\n<meta name=\"robots\" content=\"index, follow, max-snippet:-1, max-image-preview:large, max-video-preview:-1\" \/>\n<link rel=\"canonical\" href=\"http:\/\/www.dietmar-korthals.de\/dietmar-korthals_wordpress\/2024\/11\/19\/die-niederlande-zu-besuch-konzert-fuer-die-s-c-m-a-f\/\" \/>\n<meta property=\"og:locale\" content=\"de_DE\" \/>\n<meta property=\"og:type\" content=\"article\" \/>\n<meta property=\"og:title\" content=\"Die Niederlande zu Besuch: Konzert f\u00fcr die S.C.M.A.F. - Dietmar Korthals\" \/>\n<meta property=\"og:url\" content=\"http:\/\/www.dietmar-korthals.de\/dietmar-korthals_wordpress\/2024\/11\/19\/die-niederlande-zu-besuch-konzert-fuer-die-s-c-m-a-f\/\" \/>\n<meta property=\"og:site_name\" content=\"Dietmar Korthals\" \/>\n<meta property=\"article:publisher\" content=\"https:\/\/www.facebook.com\/dietmar.korthals\" \/>\n<meta property=\"article:author\" content=\"https:\/\/www.facebook.com\/dietmar.korthals\" \/>\n<meta property=\"article:published_time\" content=\"2024-11-19T09:30:33+00:00\" \/>\n<meta property=\"article:modified_time\" content=\"2024-11-19T10:08:20+00:00\" \/>\n<meta property=\"og:image\" content=\"http:\/\/www.dietmar-korthals.de\/dietmar-korthals_wordpress\/wp-content\/uploads\/2024\/11\/Duitsland-Instagram-DE-821x1024.jpg\" \/>\n<meta name=\"author\" content=\"bluenote\" \/>\n<meta name=\"twitter:card\" content=\"summary_large_image\" \/>\n<meta name=\"twitter:label1\" content=\"Verfasst von\" \/>\n\t<meta name=\"twitter:data1\" content=\"bluenote\" \/>\n\t<meta name=\"twitter:label2\" content=\"Gesch\u00e4tzte Lesezeit\" \/>\n\t<meta name=\"twitter:data2\" content=\"1\u00a0Minute\" \/>\n<script type=\"application\/ld+json\" class=\"yoast-schema-graph\">{\"@context\":\"https:\/\/schema.org\",\"@graph\":[{\"@type\":\"Article\",\"@id\":\"http:\/\/www.dietmar-korthals.de\/dietmar-korthals_wordpress\/2024\/11\/19\/die-niederlande-zu-besuch-konzert-fuer-die-s-c-m-a-f\/#article\",\"isPartOf\":{\"@id\":\"http:\/\/www.dietmar-korthals.de\/dietmar-korthals_wordpress\/2024\/11\/19\/die-niederlande-zu-besuch-konzert-fuer-die-s-c-m-a-f\/\"},\"author\":{\"name\":\"bluenote\",\"@id\":\"https:\/\/www.dietmar-korthals.de\/dietmar-korthals_wordpress\/#\/schema\/person\/e762c527bb5e2287a6e0cdf9577bc822\"},\"headline\":\"Die Niederlande zu Besuch: Konzert f\u00fcr die S.C.M.A.F.\",\"datePublished\":\"2024-11-19T09:30:33+00:00\",\"dateModified\":\"2024-11-19T10:08:20+00:00\",\"mainEntityOfPage\":{\"@id\":\"http:\/\/www.dietmar-korthals.de\/dietmar-korthals_wordpress\/2024\/11\/19\/die-niederlande-zu-besuch-konzert-fuer-die-s-c-m-a-f\/\"},\"wordCount\":128,\"commentCount\":0,\"publisher\":{\"@id\":\"https:\/\/www.dietmar-korthals.de\/dietmar-korthals_wordpress\/#\/schema\/person\/e762c527bb5e2287a6e0cdf9577bc822\"},\"image\":{\"@id\":\"http:\/\/www.dietmar-korthals.de\/dietmar-korthals_wordpress\/2024\/11\/19\/die-niederlande-zu-besuch-konzert-fuer-die-s-c-m-a-f\/#primaryimage\"},\"thumbnailUrl\":\"http:\/\/www.dietmar-korthals.de\/dietmar-korthals_wordpress\/wp-content\/uploads\/2024\/11\/Duitsland-Instagram-DE-821x1024.jpg\",\"keywords\":[\"Bunk\",\"Dietmar\",\"Dortmund\",\"Gerard\",\"Heinermann\",\"Korthals\",\"Otto\",\"Pauluskirche\",\"Pfeifenorgel\",\"Rieger\",\"SCMAF\"],\"articleSection\":[\"die popul\u00e4re orgel\",\"Klassik\"],\"inLanguage\":\"de\",\"potentialAction\":[{\"@type\":\"CommentAction\",\"name\":\"Comment\",\"target\":[\"http:\/\/www.dietmar-korthals.de\/dietmar-korthals_wordpress\/2024\/11\/19\/die-niederlande-zu-besuch-konzert-fuer-die-s-c-m-a-f\/#respond\"]}]},{\"@type\":\"WebPage\",\"@id\":\"http:\/\/www.dietmar-korthals.de\/dietmar-korthals_wordpress\/2024\/11\/19\/die-niederlande-zu-besuch-konzert-fuer-die-s-c-m-a-f\/\",\"url\":\"http:\/\/www.dietmar-korthals.de\/dietmar-korthals_wordpress\/2024\/11\/19\/die-niederlande-zu-besuch-konzert-fuer-die-s-c-m-a-f\/\",\"name\":\"Die Niederlande zu Besuch: Konzert f\u00fcr die S.C.M.A.F. - Dietmar Korthals\",\"isPartOf\":{\"@id\":\"https:\/\/www.dietmar-korthals.de\/dietmar-korthals_wordpress\/#website\"},\"primaryImageOfPage\":{\"@id\":\"http:\/\/www.dietmar-korthals.de\/dietmar-korthals_wordpress\/2024\/11\/19\/die-niederlande-zu-besuch-konzert-fuer-die-s-c-m-a-f\/#primaryimage\"},\"image\":{\"@id\":\"http:\/\/www.dietmar-korthals.de\/dietmar-korthals_wordpress\/2024\/11\/19\/die-niederlande-zu-besuch-konzert-fuer-die-s-c-m-a-f\/#primaryimage\"},\"thumbnailUrl\":\"http:\/\/www.dietmar-korthals.de\/dietmar-korthals_wordpress\/wp-content\/uploads\/2024\/11\/Duitsland-Instagram-DE-821x1024.jpg\",\"datePublished\":\"2024-11-19T09:30:33+00:00\",\"dateModified\":\"2024-11-19T10:08:20+00:00\",\"breadcrumb\":{\"@id\":\"http:\/\/www.dietmar-korthals.de\/dietmar-korthals_wordpress\/2024\/11\/19\/die-niederlande-zu-besuch-konzert-fuer-die-s-c-m-a-f\/#breadcrumb\"},\"inLanguage\":\"de\",\"potentialAction\":[{\"@type\":\"ReadAction\",\"target\":[\"http:\/\/www.dietmar-korthals.de\/dietmar-korthals_wordpress\/2024\/11\/19\/die-niederlande-zu-besuch-konzert-fuer-die-s-c-m-a-f\/\"]}]},{\"@type\":\"ImageObject\",\"inLanguage\":\"de\",\"@id\":\"http:\/\/www.dietmar-korthals.de\/dietmar-korthals_wordpress\/2024\/11\/19\/die-niederlande-zu-besuch-konzert-fuer-die-s-c-m-a-f\/#primaryimage\",\"url\":\"http:\/\/www.dietmar-korthals.de\/dietmar-korthals_wordpress\/wp-content\/uploads\/2024\/11\/Duitsland-Instagram-DE-scaled.jpg\",\"contentUrl\":\"http:\/\/www.dietmar-korthals.de\/dietmar-korthals_wordpress\/wp-content\/uploads\/2024\/11\/Duitsland-Instagram-DE-scaled.jpg\",\"width\":2053,\"height\":2560},{\"@type\":\"BreadcrumbList\",\"@id\":\"http:\/\/www.dietmar-korthals.de\/dietmar-korthals_wordpress\/2024\/11\/19\/die-niederlande-zu-besuch-konzert-fuer-die-s-c-m-a-f\/#breadcrumb\",\"itemListElement\":[{\"@type\":\"ListItem\",\"position\":1,\"name\":\"Home\",\"item\":\"https:\/\/www.dietmar-korthals.de\/dietmar-korthals_wordpress\/\"},{\"@type\":\"ListItem\",\"position\":2,\"name\":\"Die Niederlande zu Besuch: Konzert f\u00fcr die S.C.M.A.F.\"}]},{\"@type\":\"WebSite\",\"@id\":\"https:\/\/www.dietmar-korthals.de\/dietmar-korthals_wordpress\/#website\",\"url\":\"https:\/\/www.dietmar-korthals.de\/dietmar-korthals_wordpress\/\",\"name\":\"Dietmar Korthals\",\"description\":\"Klavier. Orgel. Konzerte. Unterricht.\",\"publisher\":{\"@id\":\"https:\/\/www.dietmar-korthals.de\/dietmar-korthals_wordpress\/#\/schema\/person\/e762c527bb5e2287a6e0cdf9577bc822\"},\"potentialAction\":[{\"@type\":\"SearchAction\",\"target\":{\"@type\":\"EntryPoint\",\"urlTemplate\":\"https:\/\/www.dietmar-korthals.de\/dietmar-korthals_wordpress\/?s={search_term_string}\"},\"query-input\":\"required name=search_term_string\"}],\"inLanguage\":\"de\"},{\"@type\":[\"Person\",\"Organization\"],\"@id\":\"https:\/\/www.dietmar-korthals.de\/dietmar-korthals_wordpress\/#\/schema\/person\/e762c527bb5e2287a6e0cdf9577bc822\",\"name\":\"bluenote\",\"image\":{\"@type\":\"ImageObject\",\"inLanguage\":\"de\",\"@id\":\"https:\/\/www.dietmar-korthals.de\/dietmar-korthals_wordpress\/#\/schema\/person\/image\/\",\"url\":\"https:\/\/www.dietmar-korthals.de\/dietmar-korthals_wordpress\/wp-content\/uploads\/2024\/03\/dietmar_korthals_3-scaled-e1723734283249.webp\",\"contentUrl\":\"https:\/\/www.dietmar-korthals.de\/dietmar-korthals_wordpress\/wp-content\/uploads\/2024\/03\/dietmar_korthals_3-scaled-e1723734283249.webp\",\"width\":1180,\"height\":635,\"caption\":\"bluenote\"},\"logo\":{\"@id\":\"https:\/\/www.dietmar-korthals.de\/dietmar-korthals_wordpress\/#\/schema\/person\/image\/\"},\"description\":\"Preistr\u00e4ger Jugend komponiert. Studium Musikwissenschaft in Bochum. Klavierlehrer. Organist der Dortmunder Pauluskirche. Projekt \\\"Die popul\u00e4re Orgel\\\" - Choralbearbeitungen in Pop- und Jazzstilen f\u00fcr die Pfeifenorgel. Projekt Orgel plus DJ mit DJ Dash. Projekt PianoSacra - Klavierkl\u00e4nge f\u00fcr die Kirche. Projekt Das Orgelkombinat - Orgel plus Synthesizer. Fernerhin Interesse an den Werken Dortmunder Orgelkomponisten, insbesondere Otto Heinermann\",\"sameAs\":[\"http:\/\/www.dietmar-korthals.de\/dietmar-korthals_wordpress\",\"https:\/\/www.facebook.com\/dietmar.korthals\",\"https:\/\/www.youtube.com\/channel\/UCq2BlRBc_vQkNzsMAInGP6A\",\"https:\/\/de.everybodywiki.com\/Dietmar_Korthals\"],\"url\":\"http:\/\/www.dietmar-korthals.de\/dietmar-korthals_wordpress\/author\/bluenote\/\"}]}<\/script>\n<!-- \/ Yoast SEO plugin. -->","yoast_head_json":{"title":"Die Niederlande zu Besuch: Konzert f\u00fcr die S.C.M.A.F. - Dietmar Korthals","robots":{"index":"index","follow":"follow","max-snippet":"max-snippet:-1","max-image-preview":"max-image-preview:large","max-video-preview":"max-video-preview:-1"},"canonical":"http:\/\/www.dietmar-korthals.de\/dietmar-korthals_wordpress\/2024\/11\/19\/die-niederlande-zu-besuch-konzert-fuer-die-s-c-m-a-f\/","og_locale":"de_DE","og_type":"article","og_title":"Die Niederlande zu Besuch: Konzert f\u00fcr die S.C.M.A.F. - Dietmar Korthals","og_url":"http:\/\/www.dietmar-korthals.de\/dietmar-korthals_wordpress\/2024\/11\/19\/die-niederlande-zu-besuch-konzert-fuer-die-s-c-m-a-f\/","og_site_name":"Dietmar Korthals","article_publisher":"https:\/\/www.facebook.com\/dietmar.korthals","article_author":"https:\/\/www.facebook.com\/dietmar.korthals","article_published_time":"2024-11-19T09:30:33+00:00","article_modified_time":"2024-11-19T10:08:20+00:00","og_image":[{"url":"http:\/\/www.dietmar-korthals.de\/dietmar-korthals_wordpress\/wp-content\/uploads\/2024\/11\/Duitsland-Instagram-DE-821x1024.jpg"}],"author":"bluenote","twitter_card":"summary_large_image","twitter_misc":{"Verfasst von":"bluenote","Gesch\u00e4tzte Lesezeit":"1\u00a0Minute"},"schema":{"@context":"https:\/\/schema.org","@graph":[{"@type":"Article","@id":"http:\/\/www.dietmar-korthals.de\/dietmar-korthals_wordpress\/2024\/11\/19\/die-niederlande-zu-besuch-konzert-fuer-die-s-c-m-a-f\/#article","isPartOf":{"@id":"http:\/\/www.dietmar-korthals.de\/dietmar-korthals_wordpress\/2024\/11\/19\/die-niederlande-zu-besuch-konzert-fuer-die-s-c-m-a-f\/"},"author":{"name":"bluenote","@id":"https:\/\/www.dietmar-korthals.de\/dietmar-korthals_wordpress\/#\/schema\/person\/e762c527bb5e2287a6e0cdf9577bc822"},"headline":"Die Niederlande zu Besuch: Konzert f\u00fcr die S.C.M.A.F.","datePublished":"2024-11-19T09:30:33+00:00","dateModified":"2024-11-19T10:08:20+00:00","mainEntityOfPage":{"@id":"http:\/\/www.dietmar-korthals.de\/dietmar-korthals_wordpress\/2024\/11\/19\/die-niederlande-zu-besuch-konzert-fuer-die-s-c-m-a-f\/"},"wordCount":128,"commentCount":0,"publisher":{"@id":"https:\/\/www.dietmar-korthals.de\/dietmar-korthals_wordpress\/#\/schema\/person\/e762c527bb5e2287a6e0cdf9577bc822"},"image":{"@id":"http:\/\/www.dietmar-korthals.de\/dietmar-korthals_wordpress\/2024\/11\/19\/die-niederlande-zu-besuch-konzert-fuer-die-s-c-m-a-f\/#primaryimage"},"thumbnailUrl":"http:\/\/www.dietmar-korthals.de\/dietmar-korthals_wordpress\/wp-content\/uploads\/2024\/11\/Duitsland-Instagram-DE-821x1024.jpg","keywords":["Bunk","Dietmar","Dortmund","Gerard","Heinermann","Korthals","Otto","Pauluskirche","Pfeifenorgel","Rieger","SCMAF"],"articleSection":["die popul\u00e4re orgel","Klassik"],"inLanguage":"de","potentialAction":[{"@type":"CommentAction","name":"Comment","target":["http:\/\/www.dietmar-korthals.de\/dietmar-korthals_wordpress\/2024\/11\/19\/die-niederlande-zu-besuch-konzert-fuer-die-s-c-m-a-f\/#respond"]}]},{"@type":"WebPage","@id":"http:\/\/www.dietmar-korthals.de\/dietmar-korthals_wordpress\/2024\/11\/19\/die-niederlande-zu-besuch-konzert-fuer-die-s-c-m-a-f\/","url":"http:\/\/www.dietmar-korthals.de\/dietmar-korthals_wordpress\/2024\/11\/19\/die-niederlande-zu-besuch-konzert-fuer-die-s-c-m-a-f\/","name":"Die Niederlande zu Besuch: Konzert f\u00fcr die S.C.M.A.F. - Dietmar Korthals","isPartOf":{"@id":"https:\/\/www.dietmar-korthals.de\/dietmar-korthals_wordpress\/#website"},"primaryImageOfPage":{"@id":"http:\/\/www.dietmar-korthals.de\/dietmar-korthals_wordpress\/2024\/11\/19\/die-niederlande-zu-besuch-konzert-fuer-die-s-c-m-a-f\/#primaryimage"},"image":{"@id":"http:\/\/www.dietmar-korthals.de\/dietmar-korthals_wordpress\/2024\/11\/19\/die-niederlande-zu-besuch-konzert-fuer-die-s-c-m-a-f\/#primaryimage"},"thumbnailUrl":"http:\/\/www.dietmar-korthals.de\/dietmar-korthals_wordpress\/wp-content\/uploads\/2024\/11\/Duitsland-Instagram-DE-821x1024.jpg","datePublished":"2024-11-19T09:30:33+00:00","dateModified":"2024-11-19T10:08:20+00:00","breadcrumb":{"@id":"http:\/\/www.dietmar-korthals.de\/dietmar-korthals_wordpress\/2024\/11\/19\/die-niederlande-zu-besuch-konzert-fuer-die-s-c-m-a-f\/#breadcrumb"},"inLanguage":"de","potentialAction":[{"@type":"ReadAction","target":["http:\/\/www.dietmar-korthals.de\/dietmar-korthals_wordpress\/2024\/11\/19\/die-niederlande-zu-besuch-konzert-fuer-die-s-c-m-a-f\/"]}]},{"@type":"ImageObject","inLanguage":"de","@id":"http:\/\/www.dietmar-korthals.de\/dietmar-korthals_wordpress\/2024\/11\/19\/die-niederlande-zu-besuch-konzert-fuer-die-s-c-m-a-f\/#primaryimage","url":"http:\/\/www.dietmar-korthals.de\/dietmar-korthals_wordpress\/wp-content\/uploads\/2024\/11\/Duitsland-Instagram-DE-scaled.jpg","contentUrl":"http:\/\/www.dietmar-korthals.de\/dietmar-korthals_wordpress\/wp-content\/uploads\/2024\/11\/Duitsland-Instagram-DE-scaled.jpg","width":2053,"height":2560},{"@type":"BreadcrumbList","@id":"http:\/\/www.dietmar-korthals.de\/dietmar-korthals_wordpress\/2024\/11\/19\/die-niederlande-zu-besuch-konzert-fuer-die-s-c-m-a-f\/#breadcrumb","itemListElement":[{"@type":"ListItem","position":1,"name":"Home","item":"https:\/\/www.dietmar-korthals.de\/dietmar-korthals_wordpress\/"},{"@type":"ListItem","position":2,"name":"Die Niederlande zu Besuch: Konzert f\u00fcr die S.C.M.A.F."}]},{"@type":"WebSite","@id":"https:\/\/www.dietmar-korthals.de\/dietmar-korthals_wordpress\/#website","url":"https:\/\/www.dietmar-korthals.de\/dietmar-korthals_wordpress\/","name":"Dietmar Korthals","description":"Klavier. Orgel. Konzerte. Unterricht.","publisher":{"@id":"https:\/\/www.dietmar-korthals.de\/dietmar-korthals_wordpress\/#\/schema\/person\/e762c527bb5e2287a6e0cdf9577bc822"},"potentialAction":[{"@type":"SearchAction","target":{"@type":"EntryPoint","urlTemplate":"https:\/\/www.dietmar-korthals.de\/dietmar-korthals_wordpress\/?s={search_term_string}"},"query-input":"required name=search_term_string"}],"inLanguage":"de"},{"@type":["Person","Organization"],"@id":"https:\/\/www.dietmar-korthals.de\/dietmar-korthals_wordpress\/#\/schema\/person\/e762c527bb5e2287a6e0cdf9577bc822","name":"bluenote","image":{"@type":"ImageObject","inLanguage":"de","@id":"https:\/\/www.dietmar-korthals.de\/dietmar-korthals_wordpress\/#\/schema\/person\/image\/","url":"https:\/\/www.dietmar-korthals.de\/dietmar-korthals_wordpress\/wp-content\/uploads\/2024\/03\/dietmar_korthals_3-scaled-e1723734283249.webp","contentUrl":"https:\/\/www.dietmar-korthals.de\/dietmar-korthals_wordpress\/wp-content\/uploads\/2024\/03\/dietmar_korthals_3-scaled-e1723734283249.webp","width":1180,"height":635,"caption":"bluenote"},"logo":{"@id":"https:\/\/www.dietmar-korthals.de\/dietmar-korthals_wordpress\/#\/schema\/person\/image\/"},"description":"Preistr\u00e4ger Jugend komponiert. Studium Musikwissenschaft in Bochum. Klavierlehrer. Organist der Dortmunder Pauluskirche. Projekt \"Die popul\u00e4re Orgel\" - Choralbearbeitungen in Pop- und Jazzstilen f\u00fcr die Pfeifenorgel. Projekt Orgel plus DJ mit DJ Dash. Projekt PianoSacra - Klavierkl\u00e4nge f\u00fcr die Kirche. Projekt Das Orgelkombinat - Orgel plus Synthesizer. Fernerhin Interesse an den Werken Dortmunder Orgelkomponisten, insbesondere Otto Heinermann","sameAs":["http:\/\/www.dietmar-korthals.de\/dietmar-korthals_wordpress","https:\/\/www.facebook.com\/dietmar.korthals","https:\/\/www.youtube.com\/channel\/UCq2BlRBc_vQkNzsMAInGP6A","https:\/\/de.everybodywiki.com\/Dietmar_Korthals"],"url":"http:\/\/www.dietmar-korthals.de\/dietmar-korthals_wordpress\/author\/bluenote\/"}]}},"_links":{"self":[{"href":"http:\/\/www.dietmar-korthals.de\/dietmar-korthals_wordpress\/wp-json\/wp\/v2\/posts\/523","targetHints":{"allow":["GET"]}}],"collection":[{"href":"http:\/\/www.dietmar-korthals.de\/dietmar-korthals_wordpress\/wp-json\/wp\/v2\/posts"}],"about":[{"href":"http:\/\/www.dietmar-korthals.de\/dietmar-korthals_wordpress\/wp-json\/wp\/v2\/types\/post"}],"author":[{"embeddable":true,"href":"http:\/\/www.dietmar-korthals.de\/dietmar-korthals_wordpress\/wp-json\/wp\/v2\/users\/1"}],"replies":[{"embeddable":true,"href":"http:\/\/www.dietmar-korthals.de\/dietmar-korthals_wordpress\/wp-json\/wp\/v2\/comments?post=523"}],"version-history":[{"count":2,"href":"http:\/\/www.dietmar-korthals.de\/dietmar-korthals_wordpress\/wp-json\/wp\/v2\/posts\/523\/revisions"}],"predecessor-version":[{"id":525,"href":"http:\/\/www.dietmar-korthals.de\/dietmar-korthals_wordpress\/wp-json\/wp\/v2\/posts\/523\/revisions\/525"}],"wp:attachment":[{"href":"http:\/\/www.dietmar-korthals.de\/dietmar-korthals_wordpress\/wp-json\/wp\/v2\/media?parent=523"}],"wp:term":[{"taxonomy":"category","embeddable":true,"href":"http:\/\/www.dietmar-korthals.de\/dietmar-korthals_wordpress\/wp-json\/wp\/v2\/categories?post=523"},{"taxonomy":"post_tag","embeddable":true,"href":"http:\/\/www.dietmar-korthals.de\/dietmar-korthals_wordpress\/wp-json\/wp\/v2\/tags?post=523"}],"curies":[{"name":"wp","href":"https:\/\/api.w.org\/{rel}","templated":true}]}}