{"id":504,"date":"2024-09-17T21:51:43","date_gmt":"2024-09-17T19:51:43","guid":{"rendered":"https:\/\/www.dietmar-korthals.de\/dietmar-korthals_wordpress\/?p=504"},"modified":"2024-09-17T21:51:43","modified_gmt":"2024-09-17T19:51:43","slug":"kulturgottesdienst-billie-eilish-ein-rueckblick","status":"publish","type":"post","link":"http:\/\/www.dietmar-korthals.de\/dietmar-korthals_wordpress\/2024\/09\/17\/kulturgottesdienst-billie-eilish-ein-rueckblick\/","title":{"rendered":"Kulturgottesdienst &#8222;Billie Eilish&#8220; &#8211; ein R\u00fcckblick"},"content":{"rendered":"\n<div class=\"wp-block-media-text is-stacked-on-mobile\"><figure class=\"wp-block-media-text__media\"><img fetchpriority=\"high\" decoding=\"async\" width=\"768\" height=\"1024\" src=\"http:\/\/www.dietmar-korthals.de\/dietmar-korthals_wordpress\/wp-content\/uploads\/2024\/09\/IMG_3995-768x1024.webp\" alt=\"Billie-Eilish-Gottesdienst Pauluskirche\" class=\"wp-image-503 size-full\" srcset=\"http:\/\/www.dietmar-korthals.de\/dietmar-korthals_wordpress\/wp-content\/uploads\/2024\/09\/IMG_3995-768x1024.webp 768w, http:\/\/www.dietmar-korthals.de\/dietmar-korthals_wordpress\/wp-content\/uploads\/2024\/09\/IMG_3995-225x300.webp 225w, http:\/\/www.dietmar-korthals.de\/dietmar-korthals_wordpress\/wp-content\/uploads\/2024\/09\/IMG_3995-1152x1536.webp 1152w, http:\/\/www.dietmar-korthals.de\/dietmar-korthals_wordpress\/wp-content\/uploads\/2024\/09\/IMG_3995-scaled.webp 1440w, http:\/\/www.dietmar-korthals.de\/dietmar-korthals_wordpress\/wp-content\/uploads\/2024\/09\/IMG_3995-641x855.webp 641w\" sizes=\"(max-width: 768px) 100vw, 768px\" \/><\/figure><div class=\"wp-block-media-text__content\">\n<p>Die Musik von Billie Eilish auf der Kirchenorgel &#8211; ein spannendes Feld. Nach meinem Empfinden zeichnet sich die Musik von Billie Eilish dadurch aus, dass sie tendenziell ruhig und reduziert ist. Dabei werden in manchen St\u00fccken popularmusik\u00fcbliche Formen gesprengt. Pausen k\u00f6nnen dramaturgisches Element sein. Gepaart mit der Tatsache, dass viele Texte tiefgehender sind, empfinde ich die Musik von Billie Eilish durchaus als interessant. <\/p>\n\n\n\n<p>Es war ein Kulturgottesdienst in der Dortmunder Pauluskirche am 15.9.2024, in welcher die Orgel bei der Umsetzung von f\u00fcnf Billie-Eilish-Titeln fast gar nicht bis zum Pleno ausgereizt wurde. Gr\u00f6\u00dfte Herausforderung war die Umsetzung des Billie-Eilish-Titels &#8222;bad guy&#8220; &#8211; eine minimalistische Dancefloornummer mit groovendem, pulsierendem Synthesizerbass. Diesen habe ich aus einer Kombination von linker Hand und Pedal umzusetzen versucht, wobei auch das Manual sehr grundt\u00f6nig mit 16&#8242; registriert wurde und das Pedal auf dem flow der linken Hand Akzente geben konnte. Das Synthesizersolo war die Stunde der Hautbois des Obermanuals.<\/p>\n\n\n\n<p>Das Pfarrerehepaar Laker erschuf wieder eine bewegende, mitnehmende Stimmung unter den Gottesdienstbesuchern und bezog ihre Predigt auf den Song &#8222;What Was I Made For&#8220;.<\/p>\n<\/div><\/div>\n","protected":false},"excerpt":{"rendered":"<p>Die Musik von Billie Eilish auf der Kirchenorgel &#8211; ein spannendes Feld. Nach meinem Empfinden zeichnet sich die Musik von<span class=\"more-dots\">&#8230;<\/span><\/p>\n","protected":false},"author":1,"featured_media":0,"comment_status":"open","ping_status":"open","sticky":false,"template":"","format":"standard","meta":{"_uf_show_specific_survey":0,"_uf_disable_surveys":false,"footnotes":""},"categories":[18],"tags":[19,23,20,21,22,25,24],"class_list":["post-504","post","type-post","status-publish","format-standard","hentry","category-kulturgottesdienst","tag-billie","tag-dortmund","tag-eilish","tag-kulturgottesdienst","tag-pauluskirche","tag-pfeifenorgel","tag-rieger","no-post-thumbnail"],"yoast_head":"<!-- This site is optimized with the Yoast SEO plugin v23.3 - https:\/\/yoast.com\/wordpress\/plugins\/seo\/ -->\n<title>Kulturgottesdienst &quot;Billie Eilish&quot; - ein R\u00fcckblick - Dietmar Korthals<\/title>\n<meta name=\"description\" content=\"Ein Bericht vom Billie-Eilish-Kulturgottesdienst am 15.9.24 in der Dortmunder Pauluskirche.\" \/>\n<meta name=\"robots\" content=\"index, follow, max-snippet:-1, max-image-preview:large, max-video-preview:-1\" \/>\n<link rel=\"canonical\" href=\"http:\/\/www.dietmar-korthals.de\/dietmar-korthals_wordpress\/2024\/09\/17\/kulturgottesdienst-billie-eilish-ein-rueckblick\/\" \/>\n<meta property=\"og:locale\" content=\"de_DE\" \/>\n<meta property=\"og:type\" content=\"article\" \/>\n<meta property=\"og:title\" content=\"Kulturgottesdienst &quot;Billie Eilish&quot; - ein R\u00fcckblick - Dietmar Korthals\" \/>\n<meta property=\"og:description\" content=\"Ein Bericht vom Billie-Eilish-Kulturgottesdienst am 15.9.24 in der Dortmunder Pauluskirche.\" \/>\n<meta property=\"og:url\" content=\"http:\/\/www.dietmar-korthals.de\/dietmar-korthals_wordpress\/2024\/09\/17\/kulturgottesdienst-billie-eilish-ein-rueckblick\/\" \/>\n<meta property=\"og:site_name\" content=\"Dietmar Korthals\" \/>\n<meta property=\"article:publisher\" content=\"https:\/\/www.facebook.com\/dietmar.korthals\" \/>\n<meta property=\"article:author\" content=\"https:\/\/www.facebook.com\/dietmar.korthals\" \/>\n<meta property=\"article:published_time\" content=\"2024-09-17T19:51:43+00:00\" \/>\n<meta property=\"og:image\" content=\"http:\/\/www.dietmar-korthals.de\/dietmar-korthals_wordpress\/wp-content\/uploads\/2024\/09\/IMG_3995-768x1024.webp\" \/>\n<meta name=\"author\" content=\"bluenote\" \/>\n<meta name=\"twitter:card\" content=\"summary_large_image\" \/>\n<meta name=\"twitter:label1\" content=\"Verfasst von\" \/>\n\t<meta name=\"twitter:data1\" content=\"bluenote\" \/>\n\t<meta name=\"twitter:label2\" content=\"Gesch\u00e4tzte Lesezeit\" \/>\n\t<meta name=\"twitter:data2\" content=\"2\u00a0Minuten\" \/>\n<script type=\"application\/ld+json\" class=\"yoast-schema-graph\">{\"@context\":\"https:\/\/schema.org\",\"@graph\":[{\"@type\":\"Article\",\"@id\":\"http:\/\/www.dietmar-korthals.de\/dietmar-korthals_wordpress\/2024\/09\/17\/kulturgottesdienst-billie-eilish-ein-rueckblick\/#article\",\"isPartOf\":{\"@id\":\"http:\/\/www.dietmar-korthals.de\/dietmar-korthals_wordpress\/2024\/09\/17\/kulturgottesdienst-billie-eilish-ein-rueckblick\/\"},\"author\":{\"name\":\"bluenote\",\"@id\":\"https:\/\/www.dietmar-korthals.de\/dietmar-korthals_wordpress\/#\/schema\/person\/e762c527bb5e2287a6e0cdf9577bc822\"},\"headline\":\"Kulturgottesdienst &#8222;Billie Eilish&#8220; &#8211; ein R\u00fcckblick\",\"datePublished\":\"2024-09-17T19:51:43+00:00\",\"dateModified\":\"2024-09-17T19:51:43+00:00\",\"mainEntityOfPage\":{\"@id\":\"http:\/\/www.dietmar-korthals.de\/dietmar-korthals_wordpress\/2024\/09\/17\/kulturgottesdienst-billie-eilish-ein-rueckblick\/\"},\"wordCount\":187,\"commentCount\":0,\"publisher\":{\"@id\":\"https:\/\/www.dietmar-korthals.de\/dietmar-korthals_wordpress\/#\/schema\/person\/e762c527bb5e2287a6e0cdf9577bc822\"},\"image\":{\"@id\":\"http:\/\/www.dietmar-korthals.de\/dietmar-korthals_wordpress\/2024\/09\/17\/kulturgottesdienst-billie-eilish-ein-rueckblick\/#primaryimage\"},\"thumbnailUrl\":\"http:\/\/www.dietmar-korthals.de\/dietmar-korthals_wordpress\/wp-content\/uploads\/2024\/09\/IMG_3995-768x1024.webp\",\"keywords\":[\"Billie\",\"Dortmund\",\"Eilish\",\"Kulturgottesdienst\",\"Pauluskirche\",\"Pfeifenorgel\",\"Rieger\"],\"articleSection\":[\"Kulturgottesdienst\"],\"inLanguage\":\"de\",\"potentialAction\":[{\"@type\":\"CommentAction\",\"name\":\"Comment\",\"target\":[\"http:\/\/www.dietmar-korthals.de\/dietmar-korthals_wordpress\/2024\/09\/17\/kulturgottesdienst-billie-eilish-ein-rueckblick\/#respond\"]}]},{\"@type\":\"WebPage\",\"@id\":\"http:\/\/www.dietmar-korthals.de\/dietmar-korthals_wordpress\/2024\/09\/17\/kulturgottesdienst-billie-eilish-ein-rueckblick\/\",\"url\":\"http:\/\/www.dietmar-korthals.de\/dietmar-korthals_wordpress\/2024\/09\/17\/kulturgottesdienst-billie-eilish-ein-rueckblick\/\",\"name\":\"Kulturgottesdienst \\\"Billie Eilish\\\" - ein R\u00fcckblick - Dietmar Korthals\",\"isPartOf\":{\"@id\":\"https:\/\/www.dietmar-korthals.de\/dietmar-korthals_wordpress\/#website\"},\"primaryImageOfPage\":{\"@id\":\"http:\/\/www.dietmar-korthals.de\/dietmar-korthals_wordpress\/2024\/09\/17\/kulturgottesdienst-billie-eilish-ein-rueckblick\/#primaryimage\"},\"image\":{\"@id\":\"http:\/\/www.dietmar-korthals.de\/dietmar-korthals_wordpress\/2024\/09\/17\/kulturgottesdienst-billie-eilish-ein-rueckblick\/#primaryimage\"},\"thumbnailUrl\":\"http:\/\/www.dietmar-korthals.de\/dietmar-korthals_wordpress\/wp-content\/uploads\/2024\/09\/IMG_3995-768x1024.webp\",\"datePublished\":\"2024-09-17T19:51:43+00:00\",\"dateModified\":\"2024-09-17T19:51:43+00:00\",\"description\":\"Ein Bericht vom Billie-Eilish-Kulturgottesdienst am 15.9.24 in der Dortmunder Pauluskirche.\",\"breadcrumb\":{\"@id\":\"http:\/\/www.dietmar-korthals.de\/dietmar-korthals_wordpress\/2024\/09\/17\/kulturgottesdienst-billie-eilish-ein-rueckblick\/#breadcrumb\"},\"inLanguage\":\"de\",\"potentialAction\":[{\"@type\":\"ReadAction\",\"target\":[\"http:\/\/www.dietmar-korthals.de\/dietmar-korthals_wordpress\/2024\/09\/17\/kulturgottesdienst-billie-eilish-ein-rueckblick\/\"]}]},{\"@type\":\"ImageObject\",\"inLanguage\":\"de\",\"@id\":\"http:\/\/www.dietmar-korthals.de\/dietmar-korthals_wordpress\/2024\/09\/17\/kulturgottesdienst-billie-eilish-ein-rueckblick\/#primaryimage\",\"url\":\"http:\/\/www.dietmar-korthals.de\/dietmar-korthals_wordpress\/wp-content\/uploads\/2024\/09\/IMG_3995-scaled.webp\",\"contentUrl\":\"http:\/\/www.dietmar-korthals.de\/dietmar-korthals_wordpress\/wp-content\/uploads\/2024\/09\/IMG_3995-scaled.webp\",\"width\":1440,\"height\":1920,\"caption\":\"Billie-Eilish-Gottesdienst Pauluskirche\"},{\"@type\":\"BreadcrumbList\",\"@id\":\"http:\/\/www.dietmar-korthals.de\/dietmar-korthals_wordpress\/2024\/09\/17\/kulturgottesdienst-billie-eilish-ein-rueckblick\/#breadcrumb\",\"itemListElement\":[{\"@type\":\"ListItem\",\"position\":1,\"name\":\"Home\",\"item\":\"https:\/\/www.dietmar-korthals.de\/dietmar-korthals_wordpress\/\"},{\"@type\":\"ListItem\",\"position\":2,\"name\":\"Kulturgottesdienst &#8222;Billie Eilish&#8220; &#8211; ein R\u00fcckblick\"}]},{\"@type\":\"WebSite\",\"@id\":\"https:\/\/www.dietmar-korthals.de\/dietmar-korthals_wordpress\/#website\",\"url\":\"https:\/\/www.dietmar-korthals.de\/dietmar-korthals_wordpress\/\",\"name\":\"Dietmar Korthals\",\"description\":\"Klavier. Orgel. Konzerte. Unterricht.\",\"publisher\":{\"@id\":\"https:\/\/www.dietmar-korthals.de\/dietmar-korthals_wordpress\/#\/schema\/person\/e762c527bb5e2287a6e0cdf9577bc822\"},\"potentialAction\":[{\"@type\":\"SearchAction\",\"target\":{\"@type\":\"EntryPoint\",\"urlTemplate\":\"https:\/\/www.dietmar-korthals.de\/dietmar-korthals_wordpress\/?s={search_term_string}\"},\"query-input\":\"required name=search_term_string\"}],\"inLanguage\":\"de\"},{\"@type\":[\"Person\",\"Organization\"],\"@id\":\"https:\/\/www.dietmar-korthals.de\/dietmar-korthals_wordpress\/#\/schema\/person\/e762c527bb5e2287a6e0cdf9577bc822\",\"name\":\"bluenote\",\"image\":{\"@type\":\"ImageObject\",\"inLanguage\":\"de\",\"@id\":\"https:\/\/www.dietmar-korthals.de\/dietmar-korthals_wordpress\/#\/schema\/person\/image\/\",\"url\":\"https:\/\/www.dietmar-korthals.de\/dietmar-korthals_wordpress\/wp-content\/uploads\/2024\/03\/dietmar_korthals_3-scaled-e1723734283249.webp\",\"contentUrl\":\"https:\/\/www.dietmar-korthals.de\/dietmar-korthals_wordpress\/wp-content\/uploads\/2024\/03\/dietmar_korthals_3-scaled-e1723734283249.webp\",\"width\":1180,\"height\":635,\"caption\":\"bluenote\"},\"logo\":{\"@id\":\"https:\/\/www.dietmar-korthals.de\/dietmar-korthals_wordpress\/#\/schema\/person\/image\/\"},\"description\":\"Preistr\u00e4ger Jugend komponiert. Studium Musikwissenschaft in Bochum. Klavierlehrer. Organist der Dortmunder Pauluskirche. Projekt \\\"Die popul\u00e4re Orgel\\\" - Choralbearbeitungen in Pop- und Jazzstilen f\u00fcr die Pfeifenorgel. Projekt Orgel plus DJ mit DJ Dash. Projekt PianoSacra - Klavierkl\u00e4nge f\u00fcr die Kirche. Projekt Das Orgelkombinat - Orgel plus Synthesizer. Fernerhin Interesse an den Werken Dortmunder Orgelkomponisten, insbesondere Otto Heinermann\",\"sameAs\":[\"http:\/\/www.dietmar-korthals.de\/dietmar-korthals_wordpress\",\"https:\/\/www.facebook.com\/dietmar.korthals\",\"https:\/\/www.youtube.com\/channel\/UCq2BlRBc_vQkNzsMAInGP6A\",\"https:\/\/de.everybodywiki.com\/Dietmar_Korthals\"],\"url\":\"http:\/\/www.dietmar-korthals.de\/dietmar-korthals_wordpress\/author\/bluenote\/\"}]}<\/script>\n<!-- \/ Yoast SEO plugin. -->","yoast_head_json":{"title":"Kulturgottesdienst \"Billie Eilish\" - ein R\u00fcckblick - Dietmar Korthals","description":"Ein Bericht vom Billie-Eilish-Kulturgottesdienst am 15.9.24 in der Dortmunder Pauluskirche.","robots":{"index":"index","follow":"follow","max-snippet":"max-snippet:-1","max-image-preview":"max-image-preview:large","max-video-preview":"max-video-preview:-1"},"canonical":"http:\/\/www.dietmar-korthals.de\/dietmar-korthals_wordpress\/2024\/09\/17\/kulturgottesdienst-billie-eilish-ein-rueckblick\/","og_locale":"de_DE","og_type":"article","og_title":"Kulturgottesdienst \"Billie Eilish\" - ein R\u00fcckblick - Dietmar Korthals","og_description":"Ein Bericht vom Billie-Eilish-Kulturgottesdienst am 15.9.24 in der Dortmunder Pauluskirche.","og_url":"http:\/\/www.dietmar-korthals.de\/dietmar-korthals_wordpress\/2024\/09\/17\/kulturgottesdienst-billie-eilish-ein-rueckblick\/","og_site_name":"Dietmar Korthals","article_publisher":"https:\/\/www.facebook.com\/dietmar.korthals","article_author":"https:\/\/www.facebook.com\/dietmar.korthals","article_published_time":"2024-09-17T19:51:43+00:00","og_image":[{"url":"http:\/\/www.dietmar-korthals.de\/dietmar-korthals_wordpress\/wp-content\/uploads\/2024\/09\/IMG_3995-768x1024.webp"}],"author":"bluenote","twitter_card":"summary_large_image","twitter_misc":{"Verfasst von":"bluenote","Gesch\u00e4tzte Lesezeit":"2\u00a0Minuten"},"schema":{"@context":"https:\/\/schema.org","@graph":[{"@type":"Article","@id":"http:\/\/www.dietmar-korthals.de\/dietmar-korthals_wordpress\/2024\/09\/17\/kulturgottesdienst-billie-eilish-ein-rueckblick\/#article","isPartOf":{"@id":"http:\/\/www.dietmar-korthals.de\/dietmar-korthals_wordpress\/2024\/09\/17\/kulturgottesdienst-billie-eilish-ein-rueckblick\/"},"author":{"name":"bluenote","@id":"https:\/\/www.dietmar-korthals.de\/dietmar-korthals_wordpress\/#\/schema\/person\/e762c527bb5e2287a6e0cdf9577bc822"},"headline":"Kulturgottesdienst &#8222;Billie Eilish&#8220; &#8211; ein R\u00fcckblick","datePublished":"2024-09-17T19:51:43+00:00","dateModified":"2024-09-17T19:51:43+00:00","mainEntityOfPage":{"@id":"http:\/\/www.dietmar-korthals.de\/dietmar-korthals_wordpress\/2024\/09\/17\/kulturgottesdienst-billie-eilish-ein-rueckblick\/"},"wordCount":187,"commentCount":0,"publisher":{"@id":"https:\/\/www.dietmar-korthals.de\/dietmar-korthals_wordpress\/#\/schema\/person\/e762c527bb5e2287a6e0cdf9577bc822"},"image":{"@id":"http:\/\/www.dietmar-korthals.de\/dietmar-korthals_wordpress\/2024\/09\/17\/kulturgottesdienst-billie-eilish-ein-rueckblick\/#primaryimage"},"thumbnailUrl":"http:\/\/www.dietmar-korthals.de\/dietmar-korthals_wordpress\/wp-content\/uploads\/2024\/09\/IMG_3995-768x1024.webp","keywords":["Billie","Dortmund","Eilish","Kulturgottesdienst","Pauluskirche","Pfeifenorgel","Rieger"],"articleSection":["Kulturgottesdienst"],"inLanguage":"de","potentialAction":[{"@type":"CommentAction","name":"Comment","target":["http:\/\/www.dietmar-korthals.de\/dietmar-korthals_wordpress\/2024\/09\/17\/kulturgottesdienst-billie-eilish-ein-rueckblick\/#respond"]}]},{"@type":"WebPage","@id":"http:\/\/www.dietmar-korthals.de\/dietmar-korthals_wordpress\/2024\/09\/17\/kulturgottesdienst-billie-eilish-ein-rueckblick\/","url":"http:\/\/www.dietmar-korthals.de\/dietmar-korthals_wordpress\/2024\/09\/17\/kulturgottesdienst-billie-eilish-ein-rueckblick\/","name":"Kulturgottesdienst \"Billie Eilish\" - ein R\u00fcckblick - Dietmar Korthals","isPartOf":{"@id":"https:\/\/www.dietmar-korthals.de\/dietmar-korthals_wordpress\/#website"},"primaryImageOfPage":{"@id":"http:\/\/www.dietmar-korthals.de\/dietmar-korthals_wordpress\/2024\/09\/17\/kulturgottesdienst-billie-eilish-ein-rueckblick\/#primaryimage"},"image":{"@id":"http:\/\/www.dietmar-korthals.de\/dietmar-korthals_wordpress\/2024\/09\/17\/kulturgottesdienst-billie-eilish-ein-rueckblick\/#primaryimage"},"thumbnailUrl":"http:\/\/www.dietmar-korthals.de\/dietmar-korthals_wordpress\/wp-content\/uploads\/2024\/09\/IMG_3995-768x1024.webp","datePublished":"2024-09-17T19:51:43+00:00","dateModified":"2024-09-17T19:51:43+00:00","description":"Ein Bericht vom Billie-Eilish-Kulturgottesdienst am 15.9.24 in der Dortmunder Pauluskirche.","breadcrumb":{"@id":"http:\/\/www.dietmar-korthals.de\/dietmar-korthals_wordpress\/2024\/09\/17\/kulturgottesdienst-billie-eilish-ein-rueckblick\/#breadcrumb"},"inLanguage":"de","potentialAction":[{"@type":"ReadAction","target":["http:\/\/www.dietmar-korthals.de\/dietmar-korthals_wordpress\/2024\/09\/17\/kulturgottesdienst-billie-eilish-ein-rueckblick\/"]}]},{"@type":"ImageObject","inLanguage":"de","@id":"http:\/\/www.dietmar-korthals.de\/dietmar-korthals_wordpress\/2024\/09\/17\/kulturgottesdienst-billie-eilish-ein-rueckblick\/#primaryimage","url":"http:\/\/www.dietmar-korthals.de\/dietmar-korthals_wordpress\/wp-content\/uploads\/2024\/09\/IMG_3995-scaled.webp","contentUrl":"http:\/\/www.dietmar-korthals.de\/dietmar-korthals_wordpress\/wp-content\/uploads\/2024\/09\/IMG_3995-scaled.webp","width":1440,"height":1920,"caption":"Billie-Eilish-Gottesdienst Pauluskirche"},{"@type":"BreadcrumbList","@id":"http:\/\/www.dietmar-korthals.de\/dietmar-korthals_wordpress\/2024\/09\/17\/kulturgottesdienst-billie-eilish-ein-rueckblick\/#breadcrumb","itemListElement":[{"@type":"ListItem","position":1,"name":"Home","item":"https:\/\/www.dietmar-korthals.de\/dietmar-korthals_wordpress\/"},{"@type":"ListItem","position":2,"name":"Kulturgottesdienst &#8222;Billie Eilish&#8220; &#8211; ein R\u00fcckblick"}]},{"@type":"WebSite","@id":"https:\/\/www.dietmar-korthals.de\/dietmar-korthals_wordpress\/#website","url":"https:\/\/www.dietmar-korthals.de\/dietmar-korthals_wordpress\/","name":"Dietmar Korthals","description":"Klavier. Orgel. Konzerte. Unterricht.","publisher":{"@id":"https:\/\/www.dietmar-korthals.de\/dietmar-korthals_wordpress\/#\/schema\/person\/e762c527bb5e2287a6e0cdf9577bc822"},"potentialAction":[{"@type":"SearchAction","target":{"@type":"EntryPoint","urlTemplate":"https:\/\/www.dietmar-korthals.de\/dietmar-korthals_wordpress\/?s={search_term_string}"},"query-input":"required name=search_term_string"}],"inLanguage":"de"},{"@type":["Person","Organization"],"@id":"https:\/\/www.dietmar-korthals.de\/dietmar-korthals_wordpress\/#\/schema\/person\/e762c527bb5e2287a6e0cdf9577bc822","name":"bluenote","image":{"@type":"ImageObject","inLanguage":"de","@id":"https:\/\/www.dietmar-korthals.de\/dietmar-korthals_wordpress\/#\/schema\/person\/image\/","url":"https:\/\/www.dietmar-korthals.de\/dietmar-korthals_wordpress\/wp-content\/uploads\/2024\/03\/dietmar_korthals_3-scaled-e1723734283249.webp","contentUrl":"https:\/\/www.dietmar-korthals.de\/dietmar-korthals_wordpress\/wp-content\/uploads\/2024\/03\/dietmar_korthals_3-scaled-e1723734283249.webp","width":1180,"height":635,"caption":"bluenote"},"logo":{"@id":"https:\/\/www.dietmar-korthals.de\/dietmar-korthals_wordpress\/#\/schema\/person\/image\/"},"description":"Preistr\u00e4ger Jugend komponiert. Studium Musikwissenschaft in Bochum. Klavierlehrer. Organist der Dortmunder Pauluskirche. Projekt \"Die popul\u00e4re Orgel\" - Choralbearbeitungen in Pop- und Jazzstilen f\u00fcr die Pfeifenorgel. Projekt Orgel plus DJ mit DJ Dash. Projekt PianoSacra - Klavierkl\u00e4nge f\u00fcr die Kirche. Projekt Das Orgelkombinat - Orgel plus Synthesizer. Fernerhin Interesse an den Werken Dortmunder Orgelkomponisten, insbesondere Otto Heinermann","sameAs":["http:\/\/www.dietmar-korthals.de\/dietmar-korthals_wordpress","https:\/\/www.facebook.com\/dietmar.korthals","https:\/\/www.youtube.com\/channel\/UCq2BlRBc_vQkNzsMAInGP6A","https:\/\/de.everybodywiki.com\/Dietmar_Korthals"],"url":"http:\/\/www.dietmar-korthals.de\/dietmar-korthals_wordpress\/author\/bluenote\/"}]}},"_links":{"self":[{"href":"http:\/\/www.dietmar-korthals.de\/dietmar-korthals_wordpress\/wp-json\/wp\/v2\/posts\/504","targetHints":{"allow":["GET"]}}],"collection":[{"href":"http:\/\/www.dietmar-korthals.de\/dietmar-korthals_wordpress\/wp-json\/wp\/v2\/posts"}],"about":[{"href":"http:\/\/www.dietmar-korthals.de\/dietmar-korthals_wordpress\/wp-json\/wp\/v2\/types\/post"}],"author":[{"embeddable":true,"href":"http:\/\/www.dietmar-korthals.de\/dietmar-korthals_wordpress\/wp-json\/wp\/v2\/users\/1"}],"replies":[{"embeddable":true,"href":"http:\/\/www.dietmar-korthals.de\/dietmar-korthals_wordpress\/wp-json\/wp\/v2\/comments?post=504"}],"version-history":[{"count":1,"href":"http:\/\/www.dietmar-korthals.de\/dietmar-korthals_wordpress\/wp-json\/wp\/v2\/posts\/504\/revisions"}],"predecessor-version":[{"id":505,"href":"http:\/\/www.dietmar-korthals.de\/dietmar-korthals_wordpress\/wp-json\/wp\/v2\/posts\/504\/revisions\/505"}],"wp:attachment":[{"href":"http:\/\/www.dietmar-korthals.de\/dietmar-korthals_wordpress\/wp-json\/wp\/v2\/media?parent=504"}],"wp:term":[{"taxonomy":"category","embeddable":true,"href":"http:\/\/www.dietmar-korthals.de\/dietmar-korthals_wordpress\/wp-json\/wp\/v2\/categories?post=504"},{"taxonomy":"post_tag","embeddable":true,"href":"http:\/\/www.dietmar-korthals.de\/dietmar-korthals_wordpress\/wp-json\/wp\/v2\/tags?post=504"}],"curies":[{"name":"wp","href":"https:\/\/api.w.org\/{rel}","templated":true}]}}